{"id":9513,"date":"2024-10-18T13:42:42","date_gmt":"2024-10-18T11:42:42","guid":{"rendered":"https:\/\/serbenidorm.daliisolutions.com\/index.php\/2024\/10\/18\/el-balonmano-benidorm-podria-hacer-debutar-a-su-nuevo-fichaje-ante-logrono\/"},"modified":"2024-10-18T13:42:42","modified_gmt":"2024-10-18T11:42:42","slug":"el-balonmano-benidorm-podria-hacer-debutar-a-su-nuevo-fichaje-ante-logrono","status":"publish","type":"post","link":"https:\/\/serbenidorm.daliisolutions.com\/index.php\/2024\/10\/18\/el-balonmano-benidorm-podria-hacer-debutar-a-su-nuevo-fichaje-ante-logrono\/","title":{"rendered":"El Balonmano Benidorm podr\u00eda hacer debutar a su nuevo fichaje ante Logro\u00f1o"},"content":{"rendered":"  <p>Benidorm<\/p>   <p>La <a href=\"https:\/\/cadenaser.com\/tag\/liga_asobal\/a\/\">Liga Asobal<\/a> llega este fin de semana a su sexta jornada y lo hace con el <a href=\"https:\/\/cadenaser.com\/tag\/club_balonmano_benidorm\/a\/\">Servigroup Benidorm<\/a>volviendo a su cancha del Palau d\u2019Esports para medirse este domingo (12:30 horas) a un complicado Logro\u00f1o que acecha a los de Sergio Carballeira con un s\u00f3lo punto menos que los benidormenses en la clasificaci\u00f3n.<\/p>  <p><p>M\u00e1s informaci\u00f3n<\/p><figure><img loading=\"lazy\" decoding=\"async\" src=\"https:\/\/cadenaser.com\/resizer\/v2\/MLI35A2MWNE7ZJMR4RTW3ATLCM.JPG?auth=64abb52c76b934d546ba5acdabd485355967935e4ad1905a24074ec5260b07e3&amp;quality=70&amp;width=360&amp;height=202&amp;smart=true\" width=\"820\" height=\"621\" \/><\/figure><ul><li><a href=\"https:\/\/cadenaser.com\/comunitat-valenciana\/2024\/08\/08\/todos-los-partidos-horarios-y-resultados-del-balonmano-servigroup-benidorm-radio-benidorm\/\"><span>Todos los partidos, horarios y resultados del Balonmano Servigroup Benidorm<\/span><\/a><\/li><\/ul><\/p>   <p>Tras <a href=\"https:\/\/cadenaser.com\/comunitat-valenciana\/2024\/10\/13\/valladolid-sigue-siendo-una-ciudad-maldita-para-el-balonmano-benidorm-radio-benidorm\/\">la derrota sufrida la pasada semana en Valladolid<\/a>, el equipo local podr\u00e1 contar, si su t\u00e9cnico lo considera oportuno, con el franc\u00e9s Abdoulah Man\u00e9, el lateral que ha llegado para paliar en parte la falta de efectivos derivada de <a href=\"https:\/\/cadenaser.com\/comunitat-valenciana\/2024\/10\/17\/el-club-balonmano-benidorm-renueva-a-leo-alonso-hasta-2026-radio-benidorm\/\">las lesiones que ha sufrido el Servigroup Benidorm en estas primeras jornadas<\/a>, algo que puede ser fundamental a la hora de permitir m\u00e1s rotaciones y, de esa manera, algo m\u00e1s de descanso para una plantilla que comienza ya a notar el cansancio de la competici\u00f3n en las piernas.<\/p>   <p>Una semana m\u00e1s, tal y <a href=\"https:\/\/cadenaser.com\/comunitat-valenciana\/2024\/10\/16\/la-barra-libre-toque-de-atencion-al-balonmano-benidorm-en-valladolid-radio-benidorm\/\">como ya avanzaron en su an\u00e1lisis los miembros de La Barra Libre de SER Deportivos Marina Baixa<\/a>, ser\u00e1 fundamental no s\u00f3lo que el Servigroup Benidorm roce la perfecci\u00f3n en todo momento, sino que pueda imponer el ritmo que m\u00e1s le convenga en cada instante para no caer en la trampa de los equipos que, como Logro\u00f1o, buscan imponer partidos muy r\u00e1pidos para minar las fuerzas de los locales en los minutos decisivos.<\/p> ","protected":false},"excerpt":{"rendered":"<p>Los de Sergio Carballeira vuelven este domingo al Palau d\u2019Esports para medirse a un rival directo<\/p>\n","protected":false},"author":0,"featured_media":9514,"comment_status":"open","ping_status":"open","sticky":false,"template":"","format":"standard","meta":{"_acf_changed":false,"footnotes":""},"categories":[16],"tags":[],"class_list":["post-9513","post","type-post","status-publish","format-standard","has-post-thumbnail","hentry","category-deportes"],"acf":{"ser_id":"5VIHV4XP2VG7LOWEDD73FMTTUM","ser_url":"https:\/\/cadenaser.com\/comunitat-valenciana\/2024\/10\/18\/el-balonmano-benidorm-podria-hacer-debutar-a-su-nuevo-fichaje-ante-logrono-radio-benidorm\/"},"_links":{"self":[{"href":"https:\/\/serbenidorm.daliisolutions.com\/index.php\/wp-json\/wp\/v2\/posts\/9513","targetHints":{"allow":["GET"]}}],"collection":[{"href":"https:\/\/serbenidorm.daliisolutions.com\/index.php\/wp-json\/wp\/v2\/posts"}],"about":[{"href":"https:\/\/serbenidorm.daliisolutions.com\/index.php\/wp-json\/wp\/v2\/types\/post"}],"replies":[{"embeddable":true,"href":"https:\/\/serbenidorm.daliisolutions.com\/index.php\/wp-json\/wp\/v2\/comments?post=9513"}],"version-history":[{"count":0,"href":"https:\/\/serbenidorm.daliisolutions.com\/index.php\/wp-json\/wp\/v2\/posts\/9513\/revisions"}],"wp:featuredmedia":[{"embeddable":true,"href":"https:\/\/serbenidorm.daliisolutions.com\/index.php\/wp-json\/wp\/v2\/media\/9514"}],"wp:attachment":[{"href":"https:\/\/serbenidorm.daliisolutions.com\/index.php\/wp-json\/wp\/v2\/media?parent=9513"}],"wp:term":[{"taxonomy":"category","embeddable":true,"href":"https:\/\/serbenidorm.daliisolutions.com\/index.php\/wp-json\/wp\/v2\/categories?post=9513"},{"taxonomy":"post_tag","embeddable":true,"href":"https:\/\/serbenidorm.daliisolutions.com\/index.php\/wp-json\/wp\/v2\/tags?post=9513"}],"curies":[{"name":"wp","href":"https:\/\/api.w.org\/{rel}","templated":true}]}}