{"id":9525,"date":"2024-10-18T16:13:12","date_gmt":"2024-10-18T14:13:12","guid":{"rendered":"https:\/\/serbenidorm.daliisolutions.com\/index.php\/2024\/10\/18\/las-toallitas-en-el-vater-atascan-las-tuberias-de-benidorm-si-esto-sucede-en-verano-no-dariamos-abasto\/"},"modified":"2024-10-18T16:13:12","modified_gmt":"2024-10-18T14:13:12","slug":"las-toallitas-en-el-vater-atascan-las-tuberias-de-benidorm-si-esto-sucede-en-verano-no-dariamos-abasto","status":"publish","type":"post","link":"https:\/\/serbenidorm.daliisolutions.com\/index.php\/2024\/10\/18\/las-toallitas-en-el-vater-atascan-las-tuberias-de-benidorm-si-esto-sucede-en-verano-no-dariamos-abasto\/","title":{"rendered":"Las toallitas en el v\u00e1ter atascan las tuber\u00edas de Benidorm: \u00abSi esto sucede en verano no dar\u00edamos abasto\u00bb"},"content":{"rendered":"  <p>Benidorm<\/p>   <p>El Ayuntamiento de Benidorm ha realizado \u00abuna alarma importante\u00bb, un llamamiento a la ciudadan\u00eda para evitar que se sigan arrojando toallitas higi\u00e9nicas al inodoro. Una pr\u00e1ctica que provoca la obstrucci\u00f3n de los sistemas de bombeo, su paralizaci\u00f3n y las consecuencias que ello conlleva a los procesos de depuraci\u00f3n de aguas residuales.<\/p>   <p>Con ese motivo, el concejal Jos\u00e9 Ram\u00f3n Gonz\u00e1lez de Z\u00e1rate, se ha personado esta ma\u00f1ana en la estaci\u00f3n de bombeo de Severo Ochoa, en el Rinc\u00f3n de Loix, donde los operarios de Hidraqua llevan varios d\u00edas desatascando las conducciones de la nueva l\u00ednea de impulsi\u00f3n, que <a href=\"https:\/\/cadenaser.com\/tag\/benidorm\/a\/\" target=\"_blank\" rel=\"noopener\">hab\u00eda quedado obstruida a causa de las miles de toallitas higi\u00e9nicas arrojadas y atrapadas en el sistema de bombeo<\/a>.<\/p>  <p><p>M\u00e1s informaci\u00f3n<\/p><figure><img loading=\"lazy\" decoding=\"async\" src=\"https:\/\/cadenaser.com\/resizer\/v2\/ZVOPXUMW4ZFJ3F4YQEUA5LTT7A.jpg?auth=e9c8eb3c103e5085269c26dd675df7007e0531cac0bfeb50804860c742184544&amp;quality=70&amp;width=360&amp;height=202&amp;smart=true\" width=\"820\" height=\"621\" \/><\/figure><ul><li><a href=\"https:\/\/cadenaser.com\/comunitat-valenciana\/2024\/10\/16\/el-alcalde-de-benidorm-descarta-la-declaracion-de-zonas-tensionadas-para-limitar-el-precio-del-alquiler-radio-benidorm\/\"><span>El alcalde de Benidorm descarta la declaraci\u00f3n de zonas tensionadas para limitar el precio del alquiler<\/span><\/a><\/li><\/ul><\/p>   <p>Gonz\u00e1lez de Z\u00e1rate ha se\u00f1alado que esta situaci\u00f3n \u201cnos hace un da\u00f1o econ\u00f3mico muy importante por tener que reparar las bombas y el sistema y tambi\u00e9n causa un importante perjuicio a los vecinos que viven en los alrededores\u201d.<\/p>   <p>El edil ha detallado que se ha producido \u201ctal acumulaci\u00f3n en el habit\u00e1culo que este se encontraba completamente lleno\u201d. Ello ha provocado que los operarios tengan que retirar las toallitas de forma manual para que el bombeo pueda volver a funcionar.<\/p>   <p>Llamamiento a l&#8217;Alf\u00e1s y La Nuc\u00eda<\/p>   <p>Se trata de una situaci\u00f3n que se repite con cierta frecuencia y de ah\u00ed que la Concejal\u00eda haya decidido realizar este llamamiento a los vecinos de Benidorm, pero tambi\u00e9n a los de l&#8217;Alf\u00e0s del Pi y la parte sur de La Nuc\u00eda, que tambi\u00e9n est\u00e1n unidos a esta conducci\u00f3n.<\/p>   <p>     .c-w{         max-width:444px;         width:100%;         margin:32px auto;      background:#00755E;         border-radius:4px;         display:flex;         align-items:center;         justify-content:center;     }     .c-w a{         display:flex;         align-items:center;         justify-content:center;         padding:4px 24px;     }     .c-w img{         width:24px;         margin-right:12px;     }     .c-w p{         font:18px\/25px Poppins;         text-align:center;         color:#fff;         margin:0;     }     @media (max-width:444px){         .c-w a{             padding:4px 12px;         }         .c-w img{             width:24px;             margin-right:8px;         }         .c-w p{             font:14px\/25px Poppins;         }     }     @media (max-width:335px){         .c-w p{             font:13px\/25px Poppins;         }     }  <div class=\"c-w\">     <a href=\"https:\/\/www.whatsapp.com\/channel\/0029Va633PF9WtC4l7XUzh1e\" target=\"_blank\" rel=\"noopener\">         <img decoding=\"async\" src=\"https:\/\/cadenaser.com\/estaticos\/recursosgraficos\/responsive\/img\/ico-whatsapp.svg\" alt=\"Whatsapp\">         <p>\u00danete al <b>canal de WhatsApp<\/b> de la SER<\/p>     <\/a> <\/div><\/p>  <p><p class=\"tit\"><span>Hora 14 Benidorm (18\/10\/2024)<\/span><\/p> <p class=\"emb\"><iframe loading=\"lazy\" src=\"https:\/\/cadenaser.com\/embed\/audio\/460\/cadenaser_benidorm_hora14benidorm_20241018_141700_143000\/\" width=\"100%\" height=\"360\" frameborder=\"0\" allowfullscreen><\/iframe><\/p><\/p>   <p>\u201cAdem\u00e1s del mal olor que produce cada vez que hay que desatascar y limpiar el sistema, las consecuencias pueden ser muy negativas\u201d ha precisado Gonz\u00e1lez de Z\u00e1rate. \u201cNo es tan complicado arrojar esas toallitas a una papelera en el cuarto de ba\u00f1o y de esa forma evitamos da\u00f1os al medio ambiente\u201d ha insistido.<\/p>   <p>De hecho, el concejal ha calificado la situaci\u00f3n como \u201cuna alarma importante\u201d porque \u201csi esto mismo sucede en verano, con una sola l\u00ednea de impulsi\u00f3n no dar\u00edamos abasto y se producir\u00edan problemas muy graves para la ciudad\u201d.<\/p> ","protected":false},"excerpt":{"rendered":"<p>El Ayuntamiento se\u00f1ala el importante da\u00f1o econ\u00f3mico de la reparaci\u00f3n y el gran perjuicio a los vecinos por los malos olores<\/p>\n","protected":false},"author":0,"featured_media":9526,"comment_status":"open","ping_status":"open","sticky":false,"template":"","format":"standard","meta":{"_acf_changed":false,"footnotes":""},"categories":[1],"tags":[],"class_list":["post-9525","post","type-post","status-publish","format-standard","has-post-thumbnail","hentry","category-sin-categoria"],"acf":{"ser_id":"6RDBGNEZGJGU7D4USOBAKZCJ74","ser_url":"https:\/\/cadenaser.com\/comunitat-valenciana\/2024\/10\/18\/las-toallitas-en-el-vater-atascan-las-tuberias-de-benidorm-si-esto-sucede-en-verano-no-dariamos-abasto-radio-benidorm\/"},"_links":{"self":[{"href":"https:\/\/serbenidorm.daliisolutions.com\/index.php\/wp-json\/wp\/v2\/posts\/9525","targetHints":{"allow":["GET"]}}],"collection":[{"href":"https:\/\/serbenidorm.daliisolutions.com\/index.php\/wp-json\/wp\/v2\/posts"}],"about":[{"href":"https:\/\/serbenidorm.daliisolutions.com\/index.php\/wp-json\/wp\/v2\/types\/post"}],"replies":[{"embeddable":true,"href":"https:\/\/serbenidorm.daliisolutions.com\/index.php\/wp-json\/wp\/v2\/comments?post=9525"}],"version-history":[{"count":0,"href":"https:\/\/serbenidorm.daliisolutions.com\/index.php\/wp-json\/wp\/v2\/posts\/9525\/revisions"}],"wp:featuredmedia":[{"embeddable":true,"href":"https:\/\/serbenidorm.daliisolutions.com\/index.php\/wp-json\/wp\/v2\/media\/9526"}],"wp:attachment":[{"href":"https:\/\/serbenidorm.daliisolutions.com\/index.php\/wp-json\/wp\/v2\/media?parent=9525"}],"wp:term":[{"taxonomy":"category","embeddable":true,"href":"https:\/\/serbenidorm.daliisolutions.com\/index.php\/wp-json\/wp\/v2\/categories?post=9525"},{"taxonomy":"post_tag","embeddable":true,"href":"https:\/\/serbenidorm.daliisolutions.com\/index.php\/wp-json\/wp\/v2\/tags?post=9525"}],"curies":[{"name":"wp","href":"https:\/\/api.w.org\/{rel}","templated":true}]}}