{"id":9527,"date":"2024-10-18T16:13:13","date_gmt":"2024-10-18T14:13:13","guid":{"rendered":"https:\/\/serbenidorm.daliisolutions.com\/index.php\/2024\/10\/18\/fallece-a-los-80-anos-miguel-guardiola-cronista-oficial-e-hijo-predilecto-de-la-nucia\/"},"modified":"2024-10-18T16:13:13","modified_gmt":"2024-10-18T14:13:13","slug":"fallece-a-los-80-anos-miguel-guardiola-cronista-oficial-e-hijo-predilecto-de-la-nucia","status":"publish","type":"post","link":"https:\/\/serbenidorm.daliisolutions.com\/index.php\/2024\/10\/18\/fallece-a-los-80-anos-miguel-guardiola-cronista-oficial-e-hijo-predilecto-de-la-nucia\/","title":{"rendered":"Fallece a los 80 a\u00f1os Miguel Guardiola, cronista oficial e hijo predilecto de La Nuc\u00eda"},"content":{"rendered":"  <p>La Nuc\u00eda<\/p>   <p>Miguel Guardiola Fuster, cronista oficial e hijo predilecto de La Nuc\u00eda, ha fallecido este jueves a los 80 a\u00f1os de edad. A pesar de ser m\u00e9dico cardi\u00f3logo de profesi\u00f3n, la gran pasi\u00f3n por su pueblo le llev\u00f3 a investigar y escribir sobre la historia de la localidad. <\/p>   <p>Una labor altruista a la que dedic\u00f3 m\u00e1s de media vida publicando un total de once libros, multitud de art\u00edculos de prensa y escritos. Tambi\u00e9n fue el art\u00edfice de la letra del \u201cHimne Oficial de La Nucia\u201d<i>,<\/i> estrenado en 2022, su \u00faltimo legado a su pueblo. <a href=\"https:\/\/cadenaser.com\/tag\/la_nucia\/a\/\" target=\"_blank\" rel=\"noopener\">El entierro tendr\u00e1 lugar este s\u00e1bado a las 12 horas en la Iglesia de la Pur\u00edsima Concepci\u00f3n de La Nuc\u00eda<\/a>.<\/p>   <p>Cronista oficial desde 1981 e hijo predilecto desde 2018<\/p>   <p>Con su constante trabajo e investigaci\u00f3n Miguel Guardiola recuper\u00f3 la memoria hist\u00f3rica de La Nuc\u00eda, olvidada entonces, y su gran labor hizo que instituciones como el Ayuntamiento de La Nuc\u00eda se sumaran para recuperarla a trav\u00e9s de la digitalizaci\u00f3n de los archivos hist\u00f3ricos, la apertura de museos etnogr\u00e1ficos o la puesta en valor de patrimonio como el lavadero de la Font de la Favara. <\/p>   <p>Durante su trayectoria public\u00f3 un total de 11 libros: <i>\u201cDe La Nuc\u00eda a la Argelia francesa\u201d<\/i> en 2021, <i>\u201cDe La Nucia a Nueva York\u201d en 2017, \u201cCarlistas, Republicanos y Liberales\u201d en 2012, \u201c25 a\u00f1os de La  Uni\u00f3n Musical de La Nuc\u00eda\u201d en 2005, <\/i>\u201c<i>Festes del segon centenari de l&#8217;Ermita de Sant Vicent del Captivador (1809-2003)\u201d<\/i> en 2003, <i> \u201cVidas y Estampas\u201d<\/i>en 2002, <i>\u201cLa Nuc\u00eda (1919-1939) Cr\u00f3nica Social y Pol\u00edtica\u201d<\/i>en 2000, <i>\u201cL\u00edrica Tradicional Valenciana\u201d<\/i> en 1997, <i>\u201cDel Ayer\u201d<\/i> en 1995, <i>\u201cLa Nuc\u00eda: Apuntes para la historia\u201d<\/i>en 1986, \u201c<i>La Nuc\u00eda: Gentes de Anta\u00f1o\u201d<\/i> en 1985. <\/p>   <p>Su \u00faltimo legado: \u201cHimne de La Nucia\u201d<\/p>   <p>El \u00faltimo legado de Guardiola fue el himno del pueblo, que fue estrenado el 9 de julio de 2022, en el 317 aniversario de la fundaci\u00f3n de La Nuc\u00eda, en un concierto de la Uni\u00f3 Musical de La Nuc\u00eda. <\/p>   <p>Un himno que invoca a la uni\u00f3n de los nucieros recordando el paso de los diferentes pueblos y culturas por sus tierras al igual que los sucesos y acontecimientos que han marcado su historia como el fen\u00f3meno de la emigraci\u00f3n en los siglos XIX ay XX a Argelia, Estados Unidos, Cuba e incluso a Australia:<\/p>   <p><i>En peu, nuciers!<\/i><\/p>   <p><i>Recordem el passat<\/i><\/p>   <p><i>la nostra hist\u00f2ria,<\/i><\/p>   <p><i>els nostres avantpassats.<\/i><\/p>   <p><i>Romans i moros la feren seua,<\/i><\/p>   <p><i>el Cid per estes terres pass\u00e0,<\/i><\/p>   <p><i>per\u00f2 el rei en Jaume la guany\u00e0<\/i><\/p>   <p><i>per adonar-la al senyor d\u2019En Sarri\u00e0.<\/i><\/p>   <p><i>Sofrirem tropells i revoltes,<\/i><\/p>   <p><i>als rebels moriscos s\u2019enfrontaren<\/i><\/p>   <p><i>damunt del Tossal de les Forques<\/i><\/p>   <p><i>I de la seua terra els tiraren.<\/i><\/p>   <p><i>Al Sant\u00edssim trasllad\u00e0<\/i><\/p>   <p><i>Sant Joan de Ribera<\/i><\/p>   <p><i>passat el perill el torn\u00e0<\/i><\/p>   <p><i>i fins hui li fem festa.<\/i><\/p>   <p><i>Per a obtenir la independ\u00e8ncia<\/i><\/p>   <p><i>i alliberar-se d el\u2019opressi\u00f3<\/i><\/p>   <p><i>dels comtes de Montealegre<\/i><\/p>   <p><i>pugnaren amb const\u00e0ncia i valor.<\/i><\/p>   <p><i>Bregarem contra el franc\u00e9s,<\/i><\/p>   <p><i>lluitaren en Cuba, Filipines<\/i><\/p>   <p><i>i contra la rebel\u00b7li\u00f3 del Marroc,<\/i><\/p>   <p><i>on guanyarem gran honor.<\/i><\/p>   <p><i>Ara La Nucia est\u00e0 joiosa,<\/i><\/p>   <p><i>viu en pau i les llibertats,<\/i><\/p>   <p><i>aconseguides per l\u2019esfor\u00e7<\/i><\/p>   <p><i>dels nostres avantpassats.<\/i><\/p>   <p><i>Ara La Nucia est\u00e0 joiosa,<\/i><\/p>   <p><i>viu en pau i les llibertats,<\/i><\/p>   <p><i>aconseguides per l\u2019esfor\u00e7<\/i><\/p>   <p><i>dels nostres avantpassats.<\/i><\/p>   <p><i>Nuciers, tots a una vegada<\/i><\/p>   <p><i>amb el cor ple d\u2019alegria<\/i><\/p>   <p><i>alcem els bra\u00e7os i diguem<\/i><\/p>   <p><i>Visca La Nucia<\/i><\/p> ","protected":false},"excerpt":{"rendered":"<p>M\u00e9dico de profesi\u00f3n, dedic\u00f3 gran parte de su tiempo a investigar y escribir sobre la historia del pueblo<\/p>\n","protected":false},"author":0,"featured_media":9528,"comment_status":"open","ping_status":"open","sticky":false,"template":"","format":"standard","meta":{"_acf_changed":false,"footnotes":""},"categories":[1],"tags":[],"class_list":["post-9527","post","type-post","status-publish","format-standard","has-post-thumbnail","hentry","category-sin-categoria"],"acf":{"ser_id":"POC54M5DCJBPLPXKSIOAPVX7F4","ser_url":"https:\/\/cadenaser.com\/comunitat-valenciana\/2024\/10\/18\/fallece-a-los-80-anos-miguel-guardiola-cronista-oficial-e-hijo-predilecto-de-la-nucia-radio-benidorm\/"},"_links":{"self":[{"href":"https:\/\/serbenidorm.daliisolutions.com\/index.php\/wp-json\/wp\/v2\/posts\/9527","targetHints":{"allow":["GET"]}}],"collection":[{"href":"https:\/\/serbenidorm.daliisolutions.com\/index.php\/wp-json\/wp\/v2\/posts"}],"about":[{"href":"https:\/\/serbenidorm.daliisolutions.com\/index.php\/wp-json\/wp\/v2\/types\/post"}],"replies":[{"embeddable":true,"href":"https:\/\/serbenidorm.daliisolutions.com\/index.php\/wp-json\/wp\/v2\/comments?post=9527"}],"version-history":[{"count":0,"href":"https:\/\/serbenidorm.daliisolutions.com\/index.php\/wp-json\/wp\/v2\/posts\/9527\/revisions"}],"wp:featuredmedia":[{"embeddable":true,"href":"https:\/\/serbenidorm.daliisolutions.com\/index.php\/wp-json\/wp\/v2\/media\/9528"}],"wp:attachment":[{"href":"https:\/\/serbenidorm.daliisolutions.com\/index.php\/wp-json\/wp\/v2\/media?parent=9527"}],"wp:term":[{"taxonomy":"category","embeddable":true,"href":"https:\/\/serbenidorm.daliisolutions.com\/index.php\/wp-json\/wp\/v2\/categories?post=9527"},{"taxonomy":"post_tag","embeddable":true,"href":"https:\/\/serbenidorm.daliisolutions.com\/index.php\/wp-json\/wp\/v2\/tags?post=9527"}],"curies":[{"name":"wp","href":"https:\/\/api.w.org\/{rel}","templated":true}]}}