{"id":9531,"date":"2024-10-18T16:13:14","date_gmt":"2024-10-18T14:13:14","guid":{"rendered":"https:\/\/serbenidorm.daliisolutions.com\/index.php\/2024\/10\/18\/los-chicos-del-playas-de-benidorm-buscan-el-liderato-de-la-superliga-2\/"},"modified":"2024-10-18T16:13:14","modified_gmt":"2024-10-18T14:13:14","slug":"los-chicos-del-playas-de-benidorm-buscan-el-liderato-de-la-superliga-2","status":"publish","type":"post","link":"https:\/\/serbenidorm.daliisolutions.com\/index.php\/2024\/10\/18\/los-chicos-del-playas-de-benidorm-buscan-el-liderato-de-la-superliga-2\/","title":{"rendered":"Los chicos del Playas de Benidorm buscan el liderato de la Superliga 2"},"content":{"rendered":"  <p>Benidorm<\/p>   <p>La Superliga 2 de voleibol llega este fin de semana a su tercera jornada y lo hace con los dos equipos del Club Voleibol Playas de Benidorm actuando por segunda semana consecutiva como locales y con objetivos muy distintos, pero igual de importantes.<\/p>   <p>El Servigroup Benidorm masculino recibe el s\u00e1bado (19:30 horas) al Suac Canarias en un choque en el que los de Adriano Lamb tratar\u00e1n de sumar su tercer triunfo de tres puntos y, con ello, seguir metiendo presi\u00f3n al Almorad\u00ed, el \u00fanico equipo que, por el momento, ha podido seguir el ritmo de los del Ra\u00fal Mesa.<\/p>   <p>Adriano Lamb valora este encuentro como otro de los partidos m\u00e1s dif\u00edciles de la temporada, junto con el disputado la pasada jornada ante Legan\u00e9s. El preparador brasile\u00f1o ha explicado que \u201ceste fin de semana nos enfrentamos a un equipo muy fuerte. F\u00edsicamente creo que es el m\u00e1s reforzado de nuestro grupo. Estamos trabajando bien, ajustando detalles, y esperamos estar concentrados para hacer un buen partido el s\u00e1bado y seguir liderando la parte alta de la clasificaci\u00f3n. Contamos con el apoyo de nuestra afici\u00f3n, que ser\u00e1 clave\u201d.<\/p>   <p>El Servigroup Playas de Benidorm llega como col\u00edder del grupo tras sumar dos victorias en las dos jornadas disputadas, incluyendo una brillante actuaci\u00f3n ante el UC3M Legan\u00e9s Voleibol. Sin embargo, la duda de Igor Hern\u00e1ndez, que sigue recuper\u00e1ndose de unas molestias, ser\u00e1 la principal preocupaci\u00f3n para el t\u00e9cnico.<\/p>   <p>Por todo ello, se espera un ambiente vibrante en el Pabell\u00f3n Ra\u00fal Mesa, y el club hace un llamamiento a la afici\u00f3n para que acuda a apoyar a su equipo en otro de los partidos m\u00e1s destacados de la temporada. \u201cEs un duelo clave para seguir en lo m\u00e1s alto, y el calor de la afici\u00f3n puede ser decisivo para llevarnos la victoria\u201d, concluy\u00f3 Lamb.<\/p>   <p>     .c-w{         max-width:444px;         width:100%;         margin:32px auto;      background:#00755E;         border-radius:4px;         display:flex;         align-items:center;         justify-content:center;     }     .c-w a{         display:flex;         align-items:center;         justify-content:center;         padding:4px 24px;     }     .c-w img{         width:24px;         margin-right:12px;     }     .c-w p{         font:18px\/25px Poppins;         text-align:center;         color:#fff;         margin:0;     }     @media (max-width:444px){         .c-w a{             padding:4px 12px;         }         .c-w img{             width:24px;             margin-right:8px;         }         .c-w p{             font:14px\/25px Poppins;         }     }     @media (max-width:335px){         .c-w p{             font:13px\/25px Poppins;         }     }  <div class=\"c-w\">     <a href=\"https:\/\/www.whatsapp.com\/channel\/0029Va633PF9WtC4l7XUzh1e\" target=\"_blank\" rel=\"noopener\">         <img decoding=\"async\" src=\"https:\/\/cadenaser.com\/estaticos\/recursosgraficos\/responsive\/img\/ico-whatsapp.svg\" alt=\"Whatsapp\">         <p>\u00danete al <b>canal de WhatsApp<\/b> de la SER<\/p>     <\/a> <\/div><\/p>   <p><b>Los equipos femeninos, a levantar el vuelo<\/b><\/p>   <p>En la Superliga 2 femenina, tanto el Servigroup Benidorm como el Medsur Finestrat tratar\u00e1n de levantar el vuelo despu\u00e9s de un arranque de temporada irregular despu\u00e9s de que las del Ra\u00fal Mesa hayan resuelto sus dos primeros duelos con una victoria (de s\u00f3lo dos puntos) y una derrota (con un punto de consolaci\u00f3n) y las finestratenses todav\u00eda no hayan podido inaugurar su casillero de triunfos.<\/p>   <p>Las benidormenses reciben el s\u00e1bado (17:30 horas) al Paterna-Liceo, ante el que buscar\u00e1n resarcirse de la derrota sufrida no s\u00f3lo la semana pasada ante Mairena, sino tambi\u00e9n la que se produjo ante el rival valenciano en Copa Comunitat.<\/p>   <p>Noelia Santacreu ha destacado la dificultad del rival al afirmar que \u201csabemos que el Paterna-Liceo es un equipo complicado. Nos enfrentamos a ellas hace poco en las semifinales de la Copa Comunitat, donde ca\u00edmos por 3-1. Adem\u00e1s, ellas vienen de dos derrotas consecutivas y eso las har\u00e1 a\u00fan m\u00e1s peligrosas\u00bb.<\/p>   <p>El Medsur-Finestrat, por su parte, visita el s\u00e1bado (20:00 horas) la cancha del Mairena, tercer clasificado y, por lo tanto, un rival muy complicado para tratar de sumar esa primera y bals\u00e1mica victoria.<\/p> ","protected":false},"excerpt":{"rendered":"<p>El pabell\u00f3n Ra\u00fal Mesa vuelve a disfrutar de una doble sesi\u00f3n de voleibol | El Medsur-Finestrat viaja a la cancha del Mairena<\/p>\n","protected":false},"author":0,"featured_media":9532,"comment_status":"open","ping_status":"open","sticky":false,"template":"","format":"standard","meta":{"_acf_changed":false,"footnotes":""},"categories":[16],"tags":[],"class_list":["post-9531","post","type-post","status-publish","format-standard","has-post-thumbnail","hentry","category-deportes"],"acf":{"ser_id":"G7WDPOCUHVGQJA6XREWXIA6H5M","ser_url":"https:\/\/cadenaser.com\/comunitat-valenciana\/2024\/10\/18\/los-chicos-del-playas-de-benidorm-buscan-el-liderato-de-la-superliga-2-radio-benidorm\/"},"_links":{"self":[{"href":"https:\/\/serbenidorm.daliisolutions.com\/index.php\/wp-json\/wp\/v2\/posts\/9531","targetHints":{"allow":["GET"]}}],"collection":[{"href":"https:\/\/serbenidorm.daliisolutions.com\/index.php\/wp-json\/wp\/v2\/posts"}],"about":[{"href":"https:\/\/serbenidorm.daliisolutions.com\/index.php\/wp-json\/wp\/v2\/types\/post"}],"replies":[{"embeddable":true,"href":"https:\/\/serbenidorm.daliisolutions.com\/index.php\/wp-json\/wp\/v2\/comments?post=9531"}],"version-history":[{"count":0,"href":"https:\/\/serbenidorm.daliisolutions.com\/index.php\/wp-json\/wp\/v2\/posts\/9531\/revisions"}],"wp:featuredmedia":[{"embeddable":true,"href":"https:\/\/serbenidorm.daliisolutions.com\/index.php\/wp-json\/wp\/v2\/media\/9532"}],"wp:attachment":[{"href":"https:\/\/serbenidorm.daliisolutions.com\/index.php\/wp-json\/wp\/v2\/media?parent=9531"}],"wp:term":[{"taxonomy":"category","embeddable":true,"href":"https:\/\/serbenidorm.daliisolutions.com\/index.php\/wp-json\/wp\/v2\/categories?post=9531"},{"taxonomy":"post_tag","embeddable":true,"href":"https:\/\/serbenidorm.daliisolutions.com\/index.php\/wp-json\/wp\/v2\/tags?post=9531"}],"curies":[{"name":"wp","href":"https:\/\/api.w.org\/{rel}","templated":true}]}}