{"id":9533,"date":"2024-10-18T16:13:16","date_gmt":"2024-10-18T14:13:16","guid":{"rendered":"https:\/\/serbenidorm.daliisolutions.com\/index.php\/2024\/10\/18\/felipe-orts-busca-dar-la-gran-sorpresa-en-ruddervoorde\/"},"modified":"2024-10-18T16:13:16","modified_gmt":"2024-10-18T14:13:16","slug":"felipe-orts-busca-dar-la-gran-sorpresa-en-ruddervoorde","status":"publish","type":"post","link":"https:\/\/serbenidorm.daliisolutions.com\/index.php\/2024\/10\/18\/felipe-orts-busca-dar-la-gran-sorpresa-en-ruddervoorde\/","title":{"rendered":"Felipe Orts busca dar la gran sorpresa en Ruddervoorde"},"content":{"rendered":"  <p>Cuatro temporadas consecutivas ha tomado la salida Felipe Orts en el circuito belga de Ruddervoorde y cuatro veces ha sido s\u00e9ptimo en la l\u00ednea de meta, una racha que, vistas las sensaciones que ha dejado el ciclista de La Vila Joiosa en sus dos primeras apariciones en la actual campa\u00f1a de ciclocross, podr\u00eda romperse este domingo.<\/p>   <p>Fue el pasado s\u00e1bado cuando Orts debut\u00f3 con los colores de su nuevo equipo, el Ridley Racing Team, con motivo del Be-Mine Cross de Beringen con una magn\u00edfica octava posici\u00f3n en la que, adem\u00e1s, fue su primera carrera sobre su nueva bicicleta tras cambiar la BH con la que hab\u00eda competido toda su carrera profesional por la de su nuevo patrocinador.<\/p>   <p>Ayer jueves, en su segunda carrera, en Ardooie, las sensaciones que dej\u00f3 el ciclista de La Vila Joiosa fueron, incluso, mejores que las vistas en Beringen y s\u00f3lo una inoportuna ca\u00edda le priv\u00f3 de estar peleando por el podio, un objetivo para el que demostr\u00f3 tener piernas y motor suficientes.<\/p>   <p>El propio Orts se ha mostrado, por lo tanto, muy optimista de cara a esa prueba del pr\u00f3ximo domingo en Ruddervoorde, primera puntuable del Superprestigio y donde, visto lo visto, podr\u00eda dar una sorpresa no s\u00f3lo mejorando esos s\u00e9ptimos puestos que siempre ha conseguido all\u00ed, sino meti\u00e9ndose en la pelea por los puestos de honor.<\/p> ","protected":false},"excerpt":{"rendered":"<p>S\u00f3lo una inoportuna ca\u00edda evit\u00f3 que el de La Vila Joiosa peleara por el podio este jueves en Ardooie<\/p>\n","protected":false},"author":0,"featured_media":9534,"comment_status":"open","ping_status":"open","sticky":false,"template":"","format":"standard","meta":{"_acf_changed":false,"footnotes":""},"categories":[16],"tags":[],"class_list":["post-9533","post","type-post","status-publish","format-standard","has-post-thumbnail","hentry","category-deportes"],"acf":{"ser_id":"BACZRA462ZFC7DDZAIR3BHNSFY","ser_url":"https:\/\/cadenaser.com\/comunitat-valenciana\/2024\/10\/18\/felipe-orts-busca-dar-la-gran-sorpresa-en-ruddervoorde-radio-benidorm\/"},"_links":{"self":[{"href":"https:\/\/serbenidorm.daliisolutions.com\/index.php\/wp-json\/wp\/v2\/posts\/9533","targetHints":{"allow":["GET"]}}],"collection":[{"href":"https:\/\/serbenidorm.daliisolutions.com\/index.php\/wp-json\/wp\/v2\/posts"}],"about":[{"href":"https:\/\/serbenidorm.daliisolutions.com\/index.php\/wp-json\/wp\/v2\/types\/post"}],"replies":[{"embeddable":true,"href":"https:\/\/serbenidorm.daliisolutions.com\/index.php\/wp-json\/wp\/v2\/comments?post=9533"}],"version-history":[{"count":0,"href":"https:\/\/serbenidorm.daliisolutions.com\/index.php\/wp-json\/wp\/v2\/posts\/9533\/revisions"}],"wp:featuredmedia":[{"embeddable":true,"href":"https:\/\/serbenidorm.daliisolutions.com\/index.php\/wp-json\/wp\/v2\/media\/9534"}],"wp:attachment":[{"href":"https:\/\/serbenidorm.daliisolutions.com\/index.php\/wp-json\/wp\/v2\/media?parent=9533"}],"wp:term":[{"taxonomy":"category","embeddable":true,"href":"https:\/\/serbenidorm.daliisolutions.com\/index.php\/wp-json\/wp\/v2\/categories?post=9533"},{"taxonomy":"post_tag","embeddable":true,"href":"https:\/\/serbenidorm.daliisolutions.com\/index.php\/wp-json\/wp\/v2\/tags?post=9533"}],"curies":[{"name":"wp","href":"https:\/\/api.w.org\/{rel}","templated":true}]}}