{"id":9545,"date":"2024-10-18T17:19:21","date_gmt":"2024-10-18T15:19:21","guid":{"rendered":"https:\/\/serbenidorm.daliisolutions.com\/index.php\/2024\/10\/18\/unir-benidorm-e-ibiza-sobre-una-tabla-de-windsurf-la-loca-aventura-solidaria-de-dario-quesada\/"},"modified":"2024-10-18T17:19:21","modified_gmt":"2024-10-18T15:19:21","slug":"unir-benidorm-e-ibiza-sobre-una-tabla-de-windsurf-la-loca-aventura-solidaria-de-dario-quesada","status":"publish","type":"post","link":"https:\/\/serbenidorm.daliisolutions.com\/index.php\/2024\/10\/18\/unir-benidorm-e-ibiza-sobre-una-tabla-de-windsurf-la-loca-aventura-solidaria-de-dario-quesada\/","title":{"rendered":"Unir Benidorm e Ibiza sobre una tabla de windsurf, la loca aventura solidaria de Dar\u00edo Quesada"},"content":{"rendered":"  <p>Benidorm<\/p>   <p>El pasado fin de semana Dar\u00edo Quesada realiz\u00f3, sobre una tabla de windsurf, el trayecto de ida y vuelta entre Benidorm y Calpe. Esa aventura, que ya es llamativa de por s\u00ed, ha sido s\u00f3lo el primer paso de una preparaci\u00f3n que le llevar\u00e1 casi un a\u00f1o para poder afrontar con garant\u00edas el gran reto que, como ha explicado en SER Deportivos Marina Baixa, quiere llevar a cabo en septiembre de 2025 y que no es otro que unir Benidorm con Ibiza.<\/p>   <p>Para conocer todos los detalles de ese reto, que Quesada realizar\u00e1 de manera solidaria para colaborar con An\u00e9mona, el regatista benidormense ha pasado por Radio Benidorm-SER junto a Fernando Pardo, que ser\u00e1 el responsable, entre otras muchas cosas, de garantizar la seguridad de Dar\u00edo y planificar los distintos escenarios con los que su amigo se podr\u00e1 encontrar en su aventura.<\/p> ","protected":false},"excerpt":{"rendered":"<p>El deportista benidormense explica c\u00f3mo afronta la preparaci\u00f3n de esa traves\u00eda en favor de An\u00e9mona<\/p>\n","protected":false},"author":0,"featured_media":9546,"comment_status":"open","ping_status":"open","sticky":false,"template":"","format":"standard","meta":{"_acf_changed":false,"footnotes":""},"categories":[16],"tags":[],"class_list":["post-9545","post","type-post","status-publish","format-standard","has-post-thumbnail","hentry","category-deportes"],"acf":{"ser_id":"YVS5ZIPXHZE6ZMFS5R6MN7VMFQ","ser_url":"https:\/\/cadenaser.com\/comunitat-valenciana\/2024\/10\/18\/unir-benidorm-e-ibiza-sobre-una-tabla-de-windsurf-la-loca-aventura-solidaria-de-dario-quesada-radio-benidorm\/"},"_links":{"self":[{"href":"https:\/\/serbenidorm.daliisolutions.com\/index.php\/wp-json\/wp\/v2\/posts\/9545","targetHints":{"allow":["GET"]}}],"collection":[{"href":"https:\/\/serbenidorm.daliisolutions.com\/index.php\/wp-json\/wp\/v2\/posts"}],"about":[{"href":"https:\/\/serbenidorm.daliisolutions.com\/index.php\/wp-json\/wp\/v2\/types\/post"}],"replies":[{"embeddable":true,"href":"https:\/\/serbenidorm.daliisolutions.com\/index.php\/wp-json\/wp\/v2\/comments?post=9545"}],"version-history":[{"count":0,"href":"https:\/\/serbenidorm.daliisolutions.com\/index.php\/wp-json\/wp\/v2\/posts\/9545\/revisions"}],"wp:featuredmedia":[{"embeddable":true,"href":"https:\/\/serbenidorm.daliisolutions.com\/index.php\/wp-json\/wp\/v2\/media\/9546"}],"wp:attachment":[{"href":"https:\/\/serbenidorm.daliisolutions.com\/index.php\/wp-json\/wp\/v2\/media?parent=9545"}],"wp:term":[{"taxonomy":"category","embeddable":true,"href":"https:\/\/serbenidorm.daliisolutions.com\/index.php\/wp-json\/wp\/v2\/categories?post=9545"},{"taxonomy":"post_tag","embeddable":true,"href":"https:\/\/serbenidorm.daliisolutions.com\/index.php\/wp-json\/wp\/v2\/tags?post=9545"}],"curies":[{"name":"wp","href":"https:\/\/api.w.org\/{rel}","templated":true}]}}