{"id":955,"date":"2023-12-28T12:35:19","date_gmt":"2023-12-28T11:35:19","guid":{"rendered":"https:\/\/serbenidorm.daliisolutions.com\/index.php\/2023\/12\/28\/ano-sabatico-en-el-s-cer-para-el-rally-de-la-nucia\/"},"modified":"2023-12-28T12:35:19","modified_gmt":"2023-12-28T11:35:19","slug":"ano-sabatico-en-el-s-cer-para-el-rally-de-la-nucia","status":"publish","type":"post","link":"https:\/\/serbenidorm.daliisolutions.com\/index.php\/2023\/12\/28\/ano-sabatico-en-el-s-cer-para-el-rally-de-la-nucia\/","title":{"rendered":"A\u00f1o sab\u00e1tico en el S-CER para el Rally de La Nuc\u00eda"},"content":{"rendered":"  <p>Benidorm<\/p>   <p>Cuando la Real Federaci\u00f3n Espa\u00f1ola de Automovilismo (Rfeda) anunci\u00f3 el calendario del Supercampeonato de Espa\u00f1a de Rallys (S-CER) de 2024, la sorpresa entre aficionados y pilotos fue may\u00fascula al comprobar que la que hab\u00eda sido se\u00f1alada por todos como la mejor cita de 2023 se ca\u00eda de la programaci\u00f3n de la m\u00e1xima categor\u00eda nacional. En su lugar, la Rfeda ha promocionado al S-CER a otra cita hist\u00f3rica del calendario espa\u00f1ol: el Rally R\u00edas Baixas, una decisi\u00f3n que, seg\u00fan han explicado fuentes de la organizaci\u00f3n del Rally de La Nuc\u00eda, no se sustenta en criterios deportivos, sino en una modificaci\u00f3n del calendario del S-CER que se implementar\u00e1, precisamente, a partir de 2024.<\/p>   <p>Por ello, ni la organizaci\u00f3n del Rally de La Nuc\u00eda ni las fuentes federativas consultadas por Radio Benidorm-Cadena SER, consideran que la cita de la provincia de Alicante haya descendido de categor\u00eda, tal y como se ha llegado a afirmar en algunos foros de aficionados al motor, y avanzan que no hay duda alguna de que la prueba que recorre buena parte del interior provincial regresar\u00e1 a la m\u00e1xima categor\u00eda en 2025.<\/p>   <p>Para dar cabida a un mayor n\u00famero de pruebas en el S-CER, la Real Federaci\u00f3n Espa\u00f1ola de Automovilismo implantar\u00e1, a partir de 2024, un sistema rotatorio por el que cada a\u00f1o una carrera de la primera divisi\u00f3n de los rallys nacionales, dejar\u00e1 su puesto a otra que no haya formado parte del mismo en el a\u00f1o inmediatamente anterior.<\/p>   <p>De esta manera, el rally nuciero ha sido la primera \u2018v\u00edctima\u2019 de esta reorganizaci\u00f3n que, en cualquier caso, apenas afectar\u00e1 a la celebraci\u00f3n de la prueba en 2024. Las mismas fuentes organizativas han confirmado a SER Deportivos Marina Baixa que la carrera, adem\u00e1s, seguir\u00e1 formando parte del European Rally Trophy, por lo que tampoco perder\u00e1 su condici\u00f3n de prueba de car\u00e1cter internacional.<\/p>   <p>As\u00ed, el Rally de La Nuc\u00eda formar\u00e1 parte del Campeonato de Espa\u00f1a de Rallys de Asfalto (CERA) en 2024 antes de volver al S-CER en 2025. Esto implica unos cambios a nivel deportivo que, tal y como han confirmado las mismas fuentes, ser\u00e1n m\u00ednimos y afectar\u00e1n \u00fanicamente a la cantidad de kil\u00f3metros cronometrados, pasando de los 150 actuales al entorno de los 120.<\/p>   <p>Adem\u00e1s, y como consecuencia de ese cambio temporal de categor\u00eda, los d\u00edas de competici\u00f3n se reducir\u00e1n de tres a dos. Por lo dem\u00e1s, la intenci\u00f3n de la organizaci\u00f3n es llevar el espect\u00e1culo del motor a los mismos pueblos y ciudades que han venido apoyando esta importante prueba deportiva durante sus casi 30 a\u00f1os de historia e, incluso, regresar a algunos puntos de la comarca que formaron parte importante de la carrera en el pasado y que, por diversos motivos, dejaron de disfrutar del paso de los mejores pilotos y m\u00e1quinas del pa\u00eds.<\/p>   <p>Los responsables de la organizaci\u00f3n del Rally de La Nuc\u00eda se centran ahora en seguir recabando apoyos econ\u00f3micos no s\u00f3lo para la que ser\u00e1 su 30\u00aa edici\u00f3n, sino tambi\u00e9n para conseguir que su regreso al S-CER en 2025 se convierta en un gran motivo de celebraci\u00f3n y, sobre todo, reclamar de nuevo su puesto como mejor prueba de la m\u00e1xima categor\u00eda.<\/p> ","protected":false},"excerpt":{"rendered":"<p>La cita de la Marina Baixa volver\u00e1 a la m\u00e1xima categor\u00eda nacional en 2025<\/p>\n","protected":false},"author":0,"featured_media":956,"comment_status":"open","ping_status":"open","sticky":false,"template":"","format":"standard","meta":{"_acf_changed":false,"footnotes":""},"categories":[1],"tags":[],"class_list":["post-955","post","type-post","status-publish","format-standard","has-post-thumbnail","hentry","category-sin-categoria"],"acf":{"ser_id":"Q3SQQHHRT5CPTM3QARHVRJEKLQ","ser_url":"https:\/\/cadenaser.com\/comunitat-valenciana\/2023\/12\/28\/ano-sabatico-en-el-s-cer-para-el-rally-de-la-nucia-radio-benidorm\/"},"_links":{"self":[{"href":"https:\/\/serbenidorm.daliisolutions.com\/index.php\/wp-json\/wp\/v2\/posts\/955","targetHints":{"allow":["GET"]}}],"collection":[{"href":"https:\/\/serbenidorm.daliisolutions.com\/index.php\/wp-json\/wp\/v2\/posts"}],"about":[{"href":"https:\/\/serbenidorm.daliisolutions.com\/index.php\/wp-json\/wp\/v2\/types\/post"}],"replies":[{"embeddable":true,"href":"https:\/\/serbenidorm.daliisolutions.com\/index.php\/wp-json\/wp\/v2\/comments?post=955"}],"version-history":[{"count":0,"href":"https:\/\/serbenidorm.daliisolutions.com\/index.php\/wp-json\/wp\/v2\/posts\/955\/revisions"}],"wp:featuredmedia":[{"embeddable":true,"href":"https:\/\/serbenidorm.daliisolutions.com\/index.php\/wp-json\/wp\/v2\/media\/956"}],"wp:attachment":[{"href":"https:\/\/serbenidorm.daliisolutions.com\/index.php\/wp-json\/wp\/v2\/media?parent=955"}],"wp:term":[{"taxonomy":"category","embeddable":true,"href":"https:\/\/serbenidorm.daliisolutions.com\/index.php\/wp-json\/wp\/v2\/categories?post=955"},{"taxonomy":"post_tag","embeddable":true,"href":"https:\/\/serbenidorm.daliisolutions.com\/index.php\/wp-json\/wp\/v2\/tags?post=955"}],"curies":[{"name":"wp","href":"https:\/\/api.w.org\/{rel}","templated":true}]}}