{"id":9558,"date":"2024-10-19T07:29:25","date_gmt":"2024-10-19T05:29:25","guid":{"rendered":"https:\/\/serbenidorm.daliisolutions.com\/index.php\/2024\/10\/19\/radio-benidorm-amplia-su-programacion-local-con-a-vivir-y-hora-25-benidorm\/"},"modified":"2024-10-19T07:29:25","modified_gmt":"2024-10-19T05:29:25","slug":"radio-benidorm-amplia-su-programacion-local-con-a-vivir-y-hora-25-benidorm","status":"publish","type":"post","link":"https:\/\/serbenidorm.daliisolutions.com\/index.php\/2024\/10\/19\/radio-benidorm-amplia-su-programacion-local-con-a-vivir-y-hora-25-benidorm\/","title":{"rendered":"Radio Benidorm ampl\u00eda su programaci\u00f3n local con A Vivir y Hora 25 Benidorm"},"content":{"rendered":"  <p>Benidorm<\/p>   <p>Radio Benidorm celebra<a href=\"https:\/\/cadenaser.com\/centenario\/home\/\" target=\"_blank\" rel=\"noopener\"> la semana del centenario de la Cadena SER<\/a> reforzando su apuesta por la informaci\u00f3n y los contenidos locales con el anuncio de dos nuevos programas que van a ampliar su parrilla, la m\u00e1s extensa de la Marina Baixa.<\/p>   <p>Desde este 19 de octubre podr\u00e1s escuchar en el 103.8 de la FM, radiobenidorm.es y las aplicaciones m\u00f3viles <a href=\"https:\/\/cadenaser.com\/tag\/benidorm\/a\/\" target=\"_blank\" rel=\"noopener\">&#8216;A Vivir Benidorm&#8217;<\/a>, un magac\u00edn que cada s\u00e1bado desde las 13 y hasta las 14 horas dar\u00e1 el protagonismo a &#8216;nuestra gente&#8217; del mundo de la literatura, de la m\u00fasica, de la pintura, del \u00e1mbito festero y de la cultura en general.<\/p>  <p><p>M\u00e1s informaci\u00f3n<\/p><figure><img loading=\"lazy\" decoding=\"async\" src=\"https:\/\/cadenaser.com\/resizer\/v2\/HVEOOKJM2NBBLHHNMN5P3UYKVA.jpeg?auth=5d0a19f82ed799da859d39676418cf513ed68ded5db485ec841f37df47d85bda&amp;quality=70&amp;width=360&amp;height=202&amp;smart=true\" width=\"820\" height=\"621\" \/><\/figure><ul><li><a href=\"https:\/\/cadenaser.com\/comunitat-valenciana\/2024\/10\/17\/las-festes-majors-patronals-2024-de-benidorm-ya-tienen-pregonero-radio-benidorm\/\"><span>Las Festes Majors Patronals 2024 de Benidorm ya tienen pregonero<\/span><\/a><\/li><\/ul><\/p>   <p>&#8216;A Vivir Benidorm&#8217; ser\u00e1 un espacio para dar voz a todos aquellos que, con su trabajo, ayudan a hacer de la ciudad y de la comarca un lugar mejor y del que disfrutar cada d\u00eda y, muy especialmente, los fines de semana.<\/p>   <p>Nico Van Looy tambi\u00e9n se asomar\u00e1 a las redes sociales para conocer qu\u00e9 decimos de nosotros mismos, qu\u00e9 dicen de nosotros fuera y qu\u00e9 opinamos aqu\u00ed de aquellos que nos visitan. Para ello, contar\u00e1 con los gestores de las redes de la Fundaci\u00f3n Visit Benidorm, un gran experto en la materia como Sergio Mag\u00e1n as\u00ed como influencers y &#8216;benilovers&#8217; que pasar\u00e1n por el programa para contarnos sus experiencias.<\/p>   <p>Adem\u00e1s, el &#8216;chef ejecutivo&#8217; del programa, Basi Corral, traer\u00e1 casa semana una propuesta gastron\u00f3mica basada en el recetario m\u00e1s tradicional de Benidorm y la Marina Baixa y dar\u00e1 consejos no s\u00f3lo para hacerlas en casa, sino tambi\u00e9n para darles un toque especial que nos permita presumir en nuestra mesa de ser aut\u00e9nticos expertos en alta cocina.<\/p>   <p>     .c-w{         max-width:444px;         width:100%;         margin:32px auto;      background:#00755E;         border-radius:4px;         display:flex;         align-items:center;         justify-content:center;     }     .c-w a{         display:flex;         align-items:center;         justify-content:center;         padding:4px 24px;     }     .c-w img{         width:24px;         margin-right:12px;     }     .c-w p{         font:18px\/25px Poppins;         text-align:center;         color:#fff;         margin:0;     }     @media (max-width:444px){         .c-w a{             padding:4px 12px;         }         .c-w img{             width:24px;             margin-right:8px;         }         .c-w p{             font:14px\/25px Poppins;         }     }     @media (max-width:335px){         .c-w p{             font:13px\/25px Poppins;         }     }  <div class=\"c-w\">     <a href=\"https:\/\/www.whatsapp.com\/channel\/0029Va633PF9WtC4l7XUzh1e\" target=\"_blank\" rel=\"noopener\">         <img decoding=\"async\" src=\"https:\/\/cadenaser.com\/estaticos\/recursosgraficos\/responsive\/img\/ico-whatsapp.svg\" alt=\"Whatsapp\">         <p>\u00danete al <b>canal de WhatsApp<\/b> de la SER<\/p>     <\/a> <\/div><\/p>   <p>Las noticias, desde primera y hasta \u00faltima hora<\/p>   <p>La informaci\u00f3n, pilar b\u00e1sico de Radio Benidorm, tambi\u00e9n ampl\u00eda sus ventanas diarias con <a href=\"https:\/\/cadenaser.com\/tag\/comarca_la_marina_baixa\/a\/\" target=\"_blank\" rel=\"noopener\">&#8216;Hora 25 Benidorm&#8217;<\/a>, un \u00faltimo repaso en pocos minutos a la actualidad local y comarcal. Cada noche de lunes a viernes, a las 22:58 horas, Pedro Garc\u00eda resumir\u00e1 las claves de la jornada que termina y avanzar\u00e1 las previsiones de la que est\u00e1 por venir.<\/p> ","protected":false},"excerpt":{"rendered":"<p>Cada s\u00e1bado desde las 13 h. un nuevo magac\u00edn y de lunes a viernes el \u00faltimo repaso a la actualidad a las 22:58 h.<\/p>\n","protected":false},"author":0,"featured_media":9559,"comment_status":"open","ping_status":"open","sticky":false,"template":"","format":"standard","meta":{"_acf_changed":false,"footnotes":""},"categories":[1],"tags":[],"class_list":["post-9558","post","type-post","status-publish","format-standard","has-post-thumbnail","hentry","category-sin-categoria"],"acf":{"ser_id":"6CHLENATZ5CNHEH6GNK42PGRHE","ser_url":"https:\/\/cadenaser.com\/comunitat-valenciana\/2024\/10\/18\/radio-benidorm-amplia-su-programacion-local-con-a-vivir-y-hora-25-benidorm-radio-benidorm\/"},"_links":{"self":[{"href":"https:\/\/serbenidorm.daliisolutions.com\/index.php\/wp-json\/wp\/v2\/posts\/9558","targetHints":{"allow":["GET"]}}],"collection":[{"href":"https:\/\/serbenidorm.daliisolutions.com\/index.php\/wp-json\/wp\/v2\/posts"}],"about":[{"href":"https:\/\/serbenidorm.daliisolutions.com\/index.php\/wp-json\/wp\/v2\/types\/post"}],"replies":[{"embeddable":true,"href":"https:\/\/serbenidorm.daliisolutions.com\/index.php\/wp-json\/wp\/v2\/comments?post=9558"}],"version-history":[{"count":0,"href":"https:\/\/serbenidorm.daliisolutions.com\/index.php\/wp-json\/wp\/v2\/posts\/9558\/revisions"}],"wp:featuredmedia":[{"embeddable":true,"href":"https:\/\/serbenidorm.daliisolutions.com\/index.php\/wp-json\/wp\/v2\/media\/9559"}],"wp:attachment":[{"href":"https:\/\/serbenidorm.daliisolutions.com\/index.php\/wp-json\/wp\/v2\/media?parent=9558"}],"wp:term":[{"taxonomy":"category","embeddable":true,"href":"https:\/\/serbenidorm.daliisolutions.com\/index.php\/wp-json\/wp\/v2\/categories?post=9558"},{"taxonomy":"post_tag","embeddable":true,"href":"https:\/\/serbenidorm.daliisolutions.com\/index.php\/wp-json\/wp\/v2\/tags?post=9558"}],"curies":[{"name":"wp","href":"https:\/\/api.w.org\/{rel}","templated":true}]}}