{"id":9571,"date":"2024-10-19T15:04:06","date_gmt":"2024-10-19T13:04:06","guid":{"rendered":"https:\/\/serbenidorm.daliisolutions.com\/index.php\/2024\/10\/19\/locos-de-atar-apadrinan-con-musica-en-directo-el-nuevo-a-vivir-benidorm\/"},"modified":"2024-10-19T15:04:06","modified_gmt":"2024-10-19T13:04:06","slug":"locos-de-atar-apadrinan-con-musica-en-directo-el-nuevo-a-vivir-benidorm","status":"publish","type":"post","link":"https:\/\/serbenidorm.daliisolutions.com\/index.php\/2024\/10\/19\/locos-de-atar-apadrinan-con-musica-en-directo-el-nuevo-a-vivir-benidorm\/","title":{"rendered":"Locos de Atar apadrinan con m\u00fasica en directo el nuevo \u2018A Vivir Benidorm\u2019"},"content":{"rendered":"  <p>Benidorm<\/p>   <p>Este s\u00e1bado, 19 de octubre de 2024, ha supuesto un nuevo hito en la andadura de m\u00e1s de cuatro d\u00e9cadas de <a href=\"https:\/\/cadenaser.com\/radio-benidorm\/\" target=\"_blank\" rel=\"noopener\">Radio Benidorm-SER<\/a> con la puesta en marcha de <a href=\"https:\/\/cadenaser.com\/radio-benidorm\/programacion\/\" target=\"_blank\" rel=\"noopener\">\u2018A Vivir Benidorm\u2019, el espacio que cada s\u00e1bado, de 13:00 a 14:00 horas<\/a>, pondr\u00e1 el foco, tambi\u00e9n durante el fin de semana, en lo que sucede en nuestra ciudad y en el resto de la Marina Baixa.<\/p>   <p>Para esta puesta de largo del nuevo espacio de Radio Benidorm-SER, Nico Van Looy ha contado con la presencia de \u2018Locos de Atar\u2019, seguramente el grupo con m\u00e1s proyecci\u00f3n del panorama de la m\u00fasica pop local.<\/p>   <p>Las de Juanmi Vall\u00e9s (voz y guitarra), Jes\u00fas Ruiz (guitarra) y Donato Asensio (bajo), han sido las primeras voces que han sonado en <a href=\"https:\/\/cadenaser.com\/radio-benidorm\/a-vivir-benidorm\/\" target=\"_blank\" rel=\"noopener\">\u2018A Vivir Benidorm\u2019<\/a> y no s\u00f3lo lo han hecho repasando su pasado m\u00e1s reciente y sus proyectos de futuro, sino que han convertido por unos minutos el estudio de Radio Benidorm-SER en una sala de conciertos interpretando <a href=\"https:\/\/cadenaser.com\/comunitat-valenciana\/2024\/09\/18\/asi-es-benidorm-la-cancion-de-amor-de-locos-de-atar-a-su-tierra-radio-benidorm\/\" target=\"_blank\" rel=\"noopener\">el \u00faltimo tema compuesto por ellos y que es un homenaje a su ciudad y que lleva por t\u00edtulo \u2018Benidorm\u2019<\/a> as\u00ed como unas de sus canciones m\u00e1s conocidas: \u2018Que tiemble tu mundo\u2019.<\/p> ","protected":false},"excerpt":{"rendered":"<p>El grupo con mayor proyecci\u00f3n en el panorama de la m\u00fasica pop local han sido los primeros invitados del espacio de los s\u00e1bados de Radio Benidorm<\/p>\n","protected":false},"author":0,"featured_media":9572,"comment_status":"open","ping_status":"open","sticky":false,"template":"","format":"standard","meta":{"_acf_changed":false,"footnotes":""},"categories":[1],"tags":[],"class_list":["post-9571","post","type-post","status-publish","format-standard","has-post-thumbnail","hentry","category-sin-categoria"],"acf":{"ser_id":"IYRP73VKIJFHNJCSX4D5XQJAQ4","ser_url":"https:\/\/cadenaser.com\/comunitat-valenciana\/2024\/10\/19\/locos-de-atar-apadrinan-con-musica-en-directo-el-nuevo-a-vivir-benidorm-radio-benidorm\/"},"_links":{"self":[{"href":"https:\/\/serbenidorm.daliisolutions.com\/index.php\/wp-json\/wp\/v2\/posts\/9571","targetHints":{"allow":["GET"]}}],"collection":[{"href":"https:\/\/serbenidorm.daliisolutions.com\/index.php\/wp-json\/wp\/v2\/posts"}],"about":[{"href":"https:\/\/serbenidorm.daliisolutions.com\/index.php\/wp-json\/wp\/v2\/types\/post"}],"replies":[{"embeddable":true,"href":"https:\/\/serbenidorm.daliisolutions.com\/index.php\/wp-json\/wp\/v2\/comments?post=9571"}],"version-history":[{"count":0,"href":"https:\/\/serbenidorm.daliisolutions.com\/index.php\/wp-json\/wp\/v2\/posts\/9571\/revisions"}],"wp:featuredmedia":[{"embeddable":true,"href":"https:\/\/serbenidorm.daliisolutions.com\/index.php\/wp-json\/wp\/v2\/media\/9572"}],"wp:attachment":[{"href":"https:\/\/serbenidorm.daliisolutions.com\/index.php\/wp-json\/wp\/v2\/media?parent=9571"}],"wp:term":[{"taxonomy":"category","embeddable":true,"href":"https:\/\/serbenidorm.daliisolutions.com\/index.php\/wp-json\/wp\/v2\/categories?post=9571"},{"taxonomy":"post_tag","embeddable":true,"href":"https:\/\/serbenidorm.daliisolutions.com\/index.php\/wp-json\/wp\/v2\/tags?post=9571"}],"curies":[{"name":"wp","href":"https:\/\/api.w.org\/{rel}","templated":true}]}}