{"id":9575,"date":"2024-10-19T15:04:08","date_gmt":"2024-10-19T13:04:08","guid":{"rendered":"https:\/\/serbenidorm.daliisolutions.com\/index.php\/2024\/10\/19\/benilovers-los-grandes-embajadores-de-benidorm-en-redes-sociales\/"},"modified":"2024-10-19T15:04:08","modified_gmt":"2024-10-19T13:04:08","slug":"benilovers-los-grandes-embajadores-de-benidorm-en-redes-sociales","status":"publish","type":"post","link":"https:\/\/serbenidorm.daliisolutions.com\/index.php\/2024\/10\/19\/benilovers-los-grandes-embajadores-de-benidorm-en-redes-sociales\/","title":{"rendered":"\u2018Benilovers\u2019, los grandes embajadores de Benidorm en redes sociales"},"content":{"rendered":"  <p>Benidorm<\/p>   <p>Hasta no hace tanto tiempo, las im\u00e1genes que los amantes de Benidorm hac\u00edan viajar por el mundo s\u00f3lo ten\u00edan dos formas de exposici\u00f3n: postales o im\u00e1genes que llenaban \u00e1lbumes familiares y eran contempladas con a\u00f1oranza cuando llegaban los grises y fr\u00edos d\u00edas de invierno en el norte de Europa y todos los que en ellas sal\u00edan s\u00f3lo pod\u00edan so\u00f1ar con volver a disfrutar de las maravillosas playas de Levante, Poniente o Mal Pas.<\/p>   <p>Pero aquel mundo qued\u00f3 atr\u00e1s y hoy en d\u00eda las redes sociales no s\u00f3lo se han convertido en el mejor veh\u00edculo transmisor de esas experiencias, sino que lo pueden hacer en tiempo real y generando intensos y apasionados debates sobre casi cualquier cosa, incluido, por supuesto, <a href=\"https:\/\/cadenaser.com\/comunitat-valenciana\/2024\/10\/18\/radio-benidorm-amplia-su-programacion-local-con-a-vivir-y-hora-25-benidorm-radio-benidorm\/\" target=\"_blank\" rel=\"noopener\">un destino tur\u00edstico de primer orden como es Benidorm<\/a>.<\/p>   <p>Por ello, en <a href=\"https:\/\/cadenaser.com\/radio-benidorm\/a-vivir-benidorm\/\" target=\"_blank\" rel=\"noopener\">\u2018A Vivir Benidorm\u2019<\/a> hemos hablado este primer s\u00e1bado de andadura del programa de fin de semana de <a href=\"https:\/\/cadenaser.com\/radio-benidorm\/\" target=\"_blank\" rel=\"noopener\">Radio Benidorm-SER<\/a>, de la figura de los \u2018Benilovers\u2019, esos apasionados de la ciudad que difunden sus im\u00e1genes y sus comentarios al ampl\u00edsimo universo de las redes sociales y a los que los community managers de la Fundaci\u00f3n Visit Benidorm, como es el caso de Antonio S\u00e1nchez, miman y cuidan para, juntos, hacer llegar esas bellas estampas lo m\u00e1s lejos posible.<\/p> ","protected":false},"excerpt":{"rendered":"<p>La capital tur\u00edstica tambi\u00e9n tiene muchos adeptos en el universo virtual<\/p>\n","protected":false},"author":0,"featured_media":9576,"comment_status":"open","ping_status":"open","sticky":false,"template":"","format":"standard","meta":{"_acf_changed":false,"footnotes":""},"categories":[1],"tags":[],"class_list":["post-9575","post","type-post","status-publish","format-standard","has-post-thumbnail","hentry","category-sin-categoria"],"acf":{"ser_id":"AAZA6L4DNRBDZEYF655Q2XXH4U","ser_url":"https:\/\/cadenaser.com\/comunitat-valenciana\/2024\/10\/19\/benilovers-los-grandes-embajadores-de-benidorm-en-redes-sociales-radio-benidorm\/"},"_links":{"self":[{"href":"https:\/\/serbenidorm.daliisolutions.com\/index.php\/wp-json\/wp\/v2\/posts\/9575","targetHints":{"allow":["GET"]}}],"collection":[{"href":"https:\/\/serbenidorm.daliisolutions.com\/index.php\/wp-json\/wp\/v2\/posts"}],"about":[{"href":"https:\/\/serbenidorm.daliisolutions.com\/index.php\/wp-json\/wp\/v2\/types\/post"}],"replies":[{"embeddable":true,"href":"https:\/\/serbenidorm.daliisolutions.com\/index.php\/wp-json\/wp\/v2\/comments?post=9575"}],"version-history":[{"count":0,"href":"https:\/\/serbenidorm.daliisolutions.com\/index.php\/wp-json\/wp\/v2\/posts\/9575\/revisions"}],"wp:featuredmedia":[{"embeddable":true,"href":"https:\/\/serbenidorm.daliisolutions.com\/index.php\/wp-json\/wp\/v2\/media\/9576"}],"wp:attachment":[{"href":"https:\/\/serbenidorm.daliisolutions.com\/index.php\/wp-json\/wp\/v2\/media?parent=9575"}],"wp:term":[{"taxonomy":"category","embeddable":true,"href":"https:\/\/serbenidorm.daliisolutions.com\/index.php\/wp-json\/wp\/v2\/categories?post=9575"},{"taxonomy":"post_tag","embeddable":true,"href":"https:\/\/serbenidorm.daliisolutions.com\/index.php\/wp-json\/wp\/v2\/tags?post=9575"}],"curies":[{"name":"wp","href":"https:\/\/api.w.org\/{rel}","templated":true}]}}