{"id":9587,"date":"2024-10-20T10:52:19","date_gmt":"2024-10-20T08:52:19","guid":{"rendered":"https:\/\/serbenidorm.daliisolutions.com\/index.php\/2024\/10\/20\/el-voleibol-playas-de-benidorm-pone-la-directa-con-doble-triunfo\/"},"modified":"2024-10-20T10:52:19","modified_gmt":"2024-10-20T08:52:19","slug":"el-voleibol-playas-de-benidorm-pone-la-directa-con-doble-triunfo","status":"publish","type":"post","link":"https:\/\/serbenidorm.daliisolutions.com\/index.php\/2024\/10\/20\/el-voleibol-playas-de-benidorm-pone-la-directa-con-doble-triunfo\/","title":{"rendered":"El Voleibol Playas de Benidorm pone la directa con doble triunfo"},"content":{"rendered":"  <p>Benidorm<\/p>   <p>El <a href=\"https:\/\/cadenaser.com\/tag\/club_voleibol_playas_benidorm\/a\/\">Servigroup Benidorm<\/a> masculino ya lidera en solitario la clasificaci\u00f3n de la Superliga 2 de voleibol despu\u00e9s del triunfo obtenido este s\u00e1bado, en el pabell\u00f3n Ra\u00fal Mesa, ante el Suac Canarias por un contundente 3-0 (26-24\/25-20\/25-13) que, sumado a la derrota del Almorad\u00ed en la cancha de Utrera, ha permitido a los de Adriano Lamb tomar ya un colch\u00f3n de tres puntos respecto a sus perseguidores.<\/p>   <p>El calendario ha querido que el equipo masculino del <a href=\"https:\/\/cadenaser.com\/tag\/club_voleibol_playas_benidorm\/a\/\">Club Voleibol Playas de Benidorm<\/a> tuviera que afrontar en las primeras jornadas algunos de los choques m\u00e1s complicados de toda la temporada. Para empezar, con <a href=\"https:\/\/cadenaser.com\/comunitat-valenciana\/2024\/10\/06\/buen-arranque-liguero-para-el-club-voleibol-playas-de-benidorm-radio-benidorm\/\">aquella visita a la cancha del Utrera<\/a>, precisamente el conjunto que les dej\u00f3 fuera de la pelea por el ascenso la pasada temporada, en la que los benidormenses confirmaron las buenas sensaciones dadas en pretemporada.<\/p>   <p>Despu\u00e9s, en la segunda jornada y ya en el pabell\u00f3n Ra\u00fal Mesa, el equipo local sigui\u00f3 mostr\u00e1ndose como el gran \u2018coco\u2019 del grupo <a href=\"https:\/\/cadenaser.com\/comunitat-valenciana\/2024\/10\/13\/el-voley-masculino-convence-en-su-debut-como-local-radio-benidorm\/\">al llevarse el partido ante Legan\u00e9s<\/a>, que llegaba como l\u00edder a la capital tur\u00edstica.<\/p>   <p>Ahora, en la tercera jornada y de nuevo en casa, el Servigroup Benidorm se deshizo sin excesivos problemas del equipo que, como explic\u00f3 en SER Deportivos Marina Baixa Adriano Lamb, m\u00e1s y mejor se ha reforzado este verano.<\/p>   <p>Ahora, tras haber conseguido sumar los nueve puntos puestos en juego hasta la fecha, los de Benidorm piensan ya en el pr\u00f3ximo fin de semana, cuando visitar\u00e1n la cancha del Almorad\u00ed, otro de los equipos fuertes del grupo y al que han expulsado del liderato.<\/p>   <p>     .c-w{         max-width:444px;         width:100%;         margin:32px auto;      background:#00755E;         border-radius:4px;         display:flex;         align-items:center;         justify-content:center;     }     .c-w a{         display:flex;         align-items:center;         justify-content:center;         padding:4px 24px;     }     .c-w img{         width:24px;         margin-right:12px;     }     .c-w p{         font:18px\/25px Poppins;         text-align:center;         color:#fff;         margin:0;     }     @media (max-width:444px){         .c-w a{             padding:4px 12px;         }         .c-w img{             width:24px;             margin-right:8px;         }         .c-w p{             font:14px\/25px Poppins;         }     }     @media (max-width:335px){         .c-w p{             font:13px\/25px Poppins;         }     }  <div class=\"c-w\">     <a href=\"https:\/\/www.whatsapp.com\/channel\/0029Va633PF9WtC4l7XUzh1e\" target=\"_blank\" rel=\"noopener\">         <img decoding=\"async\" src=\"https:\/\/cadenaser.com\/estaticos\/recursosgraficos\/responsive\/img\/ico-whatsapp.svg\" alt=\"Whatsapp\">         <p>\u00danete al <b>canal de WhatsApp<\/b> de la SER<\/p>     <\/a> <\/div><\/p>   <p><b>Sabor agridulce en el v\u00f3ley femenino<\/b><\/p>   <p>Tambi\u00e9n fue esta una buena jornada para el equipo femenino, que sum\u00f3 su primer triunfo con valor triple de la temporada al imponerse por 3-1 (25-21\/14-25\/25-13\/25-20) al Paterna-Liceo, el equipo que <a href=\"https:\/\/cadenaser.com\/comunitat-valenciana\/2024\/09\/15\/debut-inmaculado-para-el-servigroup-voleibol-benidorm-radio-benidorm\/\">dej\u00f3 a las de Noelia Santacreu fuera de la Copa Comunitat en pretemporada<\/a>.<\/p>   <p>Este triunfo supone un importante espaldarazo a un equipo que hab\u00eda sufrido m\u00e1s de lo que merec\u00eda en las dos primeras fechas de competici\u00f3n y que ahora, tras esta importante victoria, se da un ba\u00f1o de confianza de cara a la dif\u00edcil visita que espera al <a href=\"https:\/\/cadenaser.com\/tag\/club_voleibol_playas_benidorm\/a\/\">Servigroup Benidorm<\/a> el pr\u00f3ximo fin de semana en Cartagena.<\/p>   <p>Las que, por su parte, no han podido todav\u00eda encontrar el camino hacia la victoria son las chicas del <a href=\"https:\/\/cadenaser.com\/tag\/club_voleibol_finestrat\/a\/\">Medsur-Finestrat<\/a>, que han cerrado <a href=\"https:\/\/cadenaser.com\/comunitat-valenciana\/2024\/09\/02\/todos-los-partidos-horarios-y-resultados-del-voleibol-radio-benidorm\/\">la tercera jornada con una nueva derrota<\/a>, en este caso ante Mairena por 3-0 (25-22\/25-13\/25-23) y viendo c\u00f3mo el tren de la parte alta de la tabla, al que aspiraban al principio de la temporada, comienza a alejarse de forma preocupante.<\/p> ","protected":false},"excerpt":{"rendered":"<p>Los chicos de Adriano Lamb ya lideran en solitario la clasificaci\u00f3n de su grupo<\/p>\n","protected":false},"author":0,"featured_media":9588,"comment_status":"open","ping_status":"open","sticky":false,"template":"","format":"standard","meta":{"_acf_changed":false,"footnotes":""},"categories":[16],"tags":[],"class_list":["post-9587","post","type-post","status-publish","format-standard","has-post-thumbnail","hentry","category-deportes"],"acf":{"ser_id":"GHRBKPBNOFD2ZLUT6HDIT6FONI","ser_url":"https:\/\/cadenaser.com\/comunitat-valenciana\/2024\/10\/20\/el-voleibol-playas-de-benidorm-pone-la-directa-con-doble-triunfo-radio-benidorm\/"},"_links":{"self":[{"href":"https:\/\/serbenidorm.daliisolutions.com\/index.php\/wp-json\/wp\/v2\/posts\/9587","targetHints":{"allow":["GET"]}}],"collection":[{"href":"https:\/\/serbenidorm.daliisolutions.com\/index.php\/wp-json\/wp\/v2\/posts"}],"about":[{"href":"https:\/\/serbenidorm.daliisolutions.com\/index.php\/wp-json\/wp\/v2\/types\/post"}],"replies":[{"embeddable":true,"href":"https:\/\/serbenidorm.daliisolutions.com\/index.php\/wp-json\/wp\/v2\/comments?post=9587"}],"version-history":[{"count":0,"href":"https:\/\/serbenidorm.daliisolutions.com\/index.php\/wp-json\/wp\/v2\/posts\/9587\/revisions"}],"wp:featuredmedia":[{"embeddable":true,"href":"https:\/\/serbenidorm.daliisolutions.com\/index.php\/wp-json\/wp\/v2\/media\/9588"}],"wp:attachment":[{"href":"https:\/\/serbenidorm.daliisolutions.com\/index.php\/wp-json\/wp\/v2\/media?parent=9587"}],"wp:term":[{"taxonomy":"category","embeddable":true,"href":"https:\/\/serbenidorm.daliisolutions.com\/index.php\/wp-json\/wp\/v2\/categories?post=9587"},{"taxonomy":"post_tag","embeddable":true,"href":"https:\/\/serbenidorm.daliisolutions.com\/index.php\/wp-json\/wp\/v2\/tags?post=9587"}],"curies":[{"name":"wp","href":"https:\/\/api.w.org\/{rel}","templated":true}]}}