{"id":9589,"date":"2024-10-20T10:52:21","date_gmt":"2024-10-20T08:52:21","guid":{"rendered":"https:\/\/serbenidorm.daliisolutions.com\/index.php\/2024\/10\/20\/la-victoria-sigue-resistiendose-al-sporting-la-nucia\/"},"modified":"2024-10-20T10:52:21","modified_gmt":"2024-10-20T08:52:21","slug":"la-victoria-sigue-resistiendose-al-sporting-la-nucia","status":"publish","type":"post","link":"https:\/\/serbenidorm.daliisolutions.com\/index.php\/2024\/10\/20\/la-victoria-sigue-resistiendose-al-sporting-la-nucia\/","title":{"rendered":"La victoria sigue resisti\u00e9ndose al Sporting La Nuc\u00eda"},"content":{"rendered":"  <p>Benidorm<\/p>   <p>Nuevo encuentro que se escapa a un Sporting La Nuc\u00eda que, a pesar de llevar el control del partido ve como es el rival el que se lleva los puntos. As\u00ed podr\u00eda resumirse el encuentro ante el Levante UD FS en el que los nucieros cayeron por 2-4.<\/p>   <p>Tras un inicio con respeto en el que ninguno de los dos se atrev\u00eda a ir a m\u00e1s, lleg\u00f3 el primer gol de la tarde. Aunque no en la porter\u00eda deseada pues era Parre\u00f1o el que adelantaba a los granotas. Eso s\u00ed, justo antes, Ivan, que sali\u00f3 de inicio, realiz\u00f3 dos grandes paradas seguidas.<\/p>   <p>Los de Dada segu\u00edan sin encontrar el hueco entre la defensa rival, ni el juego que le llevase a perforar por primera vez la porter\u00eda. Eso s\u00ed, gozaba de claras ocasiones cada vez m\u00e1s peligrosas para lograrlo.<\/p>   <p>Juanito era el hombre m\u00e1s peligroso de los nucieros y en sus botas tuvo, en m\u00e1s de una ocasi\u00f3n, el empate. Sin embargo, siempre se topaba con un mismo hombre: Nacho Serra bajo palos para privarle del merecido premio.<\/p>   <p>El Sporting La Nuc\u00eda sali\u00f3 con todo en la segunda parte. Abel lo tuvo cerca pero su disparo se march\u00f3 fuera por muy poco. Justo despu\u00e9s, lo intent\u00f3 Peloncha, pero corri\u00f3 la misma suerte. Qui\u00e9n s\u00ed tuvo la suerte de cara fue Matheus que, en un fuerte pase a Manu Garc\u00eda, el bal\u00f3n entr\u00f3 directamente para hacer \u00e9l mismo el 1-1.<\/p>   <p>     .c-w{         max-width:444px;         width:100%;         margin:32px auto;      background:#00755E;         border-radius:4px;         display:flex;         align-items:center;         justify-content:center;     }     .c-w a{         display:flex;         align-items:center;         justify-content:center;         padding:4px 24px;     }     .c-w img{         width:24px;         margin-right:12px;     }     .c-w p{         font:18px\/25px Poppins;         text-align:center;         color:#fff;         margin:0;     }     @media (max-width:444px){         .c-w a{             padding:4px 12px;         }         .c-w img{             width:24px;             margin-right:8px;         }         .c-w p{             font:14px\/25px Poppins;         }     }     @media (max-width:335px){         .c-w p{             font:13px\/25px Poppins;         }     }  <div class=\"c-w\">     <a href=\"https:\/\/www.whatsapp.com\/channel\/0029Va633PF9WtC4l7XUzh1e\" target=\"_blank\" rel=\"noopener\">         <img decoding=\"async\" src=\"https:\/\/cadenaser.com\/estaticos\/recursosgraficos\/responsive\/img\/ico-whatsapp.svg\" alt=\"Whatsapp\">         <p>\u00danete al <b>canal de WhatsApp<\/b> de la SER<\/p>     <\/a> <\/div><\/p>   <p>Con este gol, los de Dada lograban hacerse due\u00f1os del bal\u00f3n y del juego mientras ve\u00eda como su rival solo esperaba. Sin embargo, lo que llegar\u00eda ser\u00eda el segundo del Levante. Obra de Pablo Garc\u00eda tras un pase desde el lateral del \u00e1rea de Pedro Toro. A pesar de este jarro de agua fr\u00eda cuando mejor estaba el equipo, La Nuc\u00eda peleaba sin descanso hasta que, por fin, lleg\u00f3 el empate de las botas de Peloncha.<\/p>   <p>Los locales lo intentaban una y otra vez de todas las maneras posibles. Tras un robo de bal\u00f3n, La Nuc\u00eda levant\u00f3 al p\u00fablico con una preciosa jugada que casi termina en gol. Y as\u00ed, una y otra vez. Pasaban los minutos y, al ver que el tanto no llegaba, Dada apost\u00f3 por el juego de cinco con \u00d3scar Ruiz como portero jugador a falta de tres para el final. Pero, lo que lleg\u00f3 fue el 2-4 definitivo con tantos de Pablo Garc\u00eda y Rochina.<\/p>   <p>Derrota dolorosa en un encuentro que, una jornada m\u00e1s, sigue sin darle al Sporting La Nuc\u00eda el premio que tanto merece por juego y propuesta.<\/p> ","protected":false},"excerpt":{"rendered":"<p>Los rojillos cayeron en casa por 2-4 ante el Levante<\/p>\n","protected":false},"author":0,"featured_media":9590,"comment_status":"open","ping_status":"open","sticky":false,"template":"","format":"standard","meta":{"_acf_changed":false,"footnotes":""},"categories":[16],"tags":[],"class_list":["post-9589","post","type-post","status-publish","format-standard","has-post-thumbnail","hentry","category-deportes"],"acf":{"ser_id":"XRTCPQT4XJHMDELDXIKG3MMNFI","ser_url":"https:\/\/cadenaser.com\/comunitat-valenciana\/2024\/10\/20\/la-victoria-sigue-resistiendose-al-sporting-la-nucia-radio-benidorm\/"},"_links":{"self":[{"href":"https:\/\/serbenidorm.daliisolutions.com\/index.php\/wp-json\/wp\/v2\/posts\/9589","targetHints":{"allow":["GET"]}}],"collection":[{"href":"https:\/\/serbenidorm.daliisolutions.com\/index.php\/wp-json\/wp\/v2\/posts"}],"about":[{"href":"https:\/\/serbenidorm.daliisolutions.com\/index.php\/wp-json\/wp\/v2\/types\/post"}],"replies":[{"embeddable":true,"href":"https:\/\/serbenidorm.daliisolutions.com\/index.php\/wp-json\/wp\/v2\/comments?post=9589"}],"version-history":[{"count":0,"href":"https:\/\/serbenidorm.daliisolutions.com\/index.php\/wp-json\/wp\/v2\/posts\/9589\/revisions"}],"wp:featuredmedia":[{"embeddable":true,"href":"https:\/\/serbenidorm.daliisolutions.com\/index.php\/wp-json\/wp\/v2\/media\/9590"}],"wp:attachment":[{"href":"https:\/\/serbenidorm.daliisolutions.com\/index.php\/wp-json\/wp\/v2\/media?parent=9589"}],"wp:term":[{"taxonomy":"category","embeddable":true,"href":"https:\/\/serbenidorm.daliisolutions.com\/index.php\/wp-json\/wp\/v2\/categories?post=9589"},{"taxonomy":"post_tag","embeddable":true,"href":"https:\/\/serbenidorm.daliisolutions.com\/index.php\/wp-json\/wp\/v2\/tags?post=9589"}],"curies":[{"name":"wp","href":"https:\/\/api.w.org\/{rel}","templated":true}]}}