{"id":9596,"date":"2024-10-20T12:12:55","date_gmt":"2024-10-20T10:12:55","guid":{"rendered":"https:\/\/serbenidorm.daliisolutions.com\/index.php\/2024\/10\/20\/el-c-f-la-nucia-no-levanta-cabeza-y-suma-su-tercera-derrota\/"},"modified":"2024-10-20T12:12:55","modified_gmt":"2024-10-20T10:12:55","slug":"el-c-f-la-nucia-no-levanta-cabeza-y-suma-su-tercera-derrota","status":"publish","type":"post","link":"https:\/\/serbenidorm.daliisolutions.com\/index.php\/2024\/10\/20\/el-c-f-la-nucia-no-levanta-cabeza-y-suma-su-tercera-derrota\/","title":{"rendered":"El C.F. La Nuc\u00eda no levanta cabeza y suma su tercera derrota"},"content":{"rendered":"  <p>Benidorm<\/p>   <p>El C.F. La Nuc\u00eda volv\u00eda este s\u00e1bado al Camilo Cano tras no haber tenido que solicitar la suspensi\u00f3n del partido de la pasada semana ante el Castell\u00f3n B por no haber podido completar la convocatoria por la suma de lesiones y un brote de gastroenteritis que se ceb\u00f3 con el vestuario rojillo. Frente a los de Berna Ballester, en esta ocasi\u00f3n, form\u00f3 un Soneja que en la pasada pretemporada cay\u00f3 ante los nucieros, pero que en esta ocasi\u00f3n no dudaron en aprovechar la debilidad rojilla y se impuso por 1-2 llevando a los locales a una situaci\u00f3n todav\u00eda m\u00e1s cr\u00edtica.<\/p>   <p>Tras la disputa de las siete primeras jornadas (y con un partido menos), los nucieros s\u00f3lo han podido sumar cinco de los 21 puntos posibles (18 en su caso), lo que les ha llevado a ocupar la zona de descenso y ver ya los puestos nobles, los que dan acceso a la disputa del ascenso (objetivo confeso de la entidad) casi como una quimera a las primeras de cambio.<\/p> ","protected":false},"excerpt":{"rendered":"<p>El conjunto rojillo sigue en puestos de descenso y ve cada vez m\u00e1s lejos la zona noble de la tabla<\/p>\n","protected":false},"author":0,"featured_media":9597,"comment_status":"open","ping_status":"open","sticky":false,"template":"","format":"standard","meta":{"_acf_changed":false,"footnotes":""},"categories":[16],"tags":[],"class_list":["post-9596","post","type-post","status-publish","format-standard","has-post-thumbnail","hentry","category-deportes"],"acf":{"ser_id":"EU5W7XYQ6ZFI5HLHOHKL36RTXY","ser_url":"https:\/\/cadenaser.com\/comunitat-valenciana\/2024\/10\/20\/el-cf-la-nucia-no-levanta-cabeza-y-suma-su-tercera-derrota-radio-benidorm\/"},"_links":{"self":[{"href":"https:\/\/serbenidorm.daliisolutions.com\/index.php\/wp-json\/wp\/v2\/posts\/9596","targetHints":{"allow":["GET"]}}],"collection":[{"href":"https:\/\/serbenidorm.daliisolutions.com\/index.php\/wp-json\/wp\/v2\/posts"}],"about":[{"href":"https:\/\/serbenidorm.daliisolutions.com\/index.php\/wp-json\/wp\/v2\/types\/post"}],"replies":[{"embeddable":true,"href":"https:\/\/serbenidorm.daliisolutions.com\/index.php\/wp-json\/wp\/v2\/comments?post=9596"}],"version-history":[{"count":0,"href":"https:\/\/serbenidorm.daliisolutions.com\/index.php\/wp-json\/wp\/v2\/posts\/9596\/revisions"}],"wp:featuredmedia":[{"embeddable":true,"href":"https:\/\/serbenidorm.daliisolutions.com\/index.php\/wp-json\/wp\/v2\/media\/9597"}],"wp:attachment":[{"href":"https:\/\/serbenidorm.daliisolutions.com\/index.php\/wp-json\/wp\/v2\/media?parent=9596"}],"wp:term":[{"taxonomy":"category","embeddable":true,"href":"https:\/\/serbenidorm.daliisolutions.com\/index.php\/wp-json\/wp\/v2\/categories?post=9596"},{"taxonomy":"post_tag","embeddable":true,"href":"https:\/\/serbenidorm.daliisolutions.com\/index.php\/wp-json\/wp\/v2\/tags?post=9596"}],"curies":[{"name":"wp","href":"https:\/\/api.w.org\/{rel}","templated":true}]}}