{"id":9611,"date":"2024-10-20T17:07:03","date_gmt":"2024-10-20T15:07:03","guid":{"rendered":"https:\/\/serbenidorm.daliisolutions.com\/index.php\/2024\/10\/20\/el-huesitos-la-vila-cumple-en-su-primera-final-de-la-temporada\/"},"modified":"2024-10-20T17:07:03","modified_gmt":"2024-10-20T15:07:03","slug":"el-huesitos-la-vila-cumple-en-su-primera-final-de-la-temporada","status":"publish","type":"post","link":"https:\/\/serbenidorm.daliisolutions.com\/index.php\/2024\/10\/20\/el-huesitos-la-vila-cumple-en-su-primera-final-de-la-temporada\/","title":{"rendered":"El Huesitos-La Vila cumple en su primera \u2018final\u2019 de la temporada"},"content":{"rendered":"  <p>Benidorm<\/p>   <p>El Estadio del Pantano se llev\u00f3 este domingo una primera y muy importante alegr\u00eda en la temporada de regreso del Huesitos-La Vila a la Divisi\u00f3n de Honor del rugby espa\u00f1ol con la victoria conseguida por los locales por 27-20 ante el Pozuelo.<\/p>   <p>El choque frente a los madrile\u00f1os hab\u00eda sido se\u00f1alado por los responsables del XV cholocaltero como uno de los partidos clave de esta fase de la competici\u00f3n ya que ambos equipos est\u00e1n llamados, al menos sobre el papel, a pelear por el mismo objetivo al final de la campa\u00f1a: la permanencia.<\/p>   <p>Gracias a esta primera victoria, que se ciment\u00f3 en la primera mitad del encuentro, los vileros suman su primer triunfo del a\u00f1o y se colocan en la octava posici\u00f3n de la clasificaci\u00f3n con cinco puntos.<\/p> ","protected":false},"excerpt":{"rendered":"<p>El XV chocolatero gan\u00f3 al Pozuelo en un choque trascendental a largo plazo<\/p>\n","protected":false},"author":0,"featured_media":9612,"comment_status":"open","ping_status":"open","sticky":false,"template":"","format":"standard","meta":{"_acf_changed":false,"footnotes":""},"categories":[16],"tags":[],"class_list":["post-9611","post","type-post","status-publish","format-standard","has-post-thumbnail","hentry","category-deportes"],"acf":{"ser_id":"26H3WLTYHBFYJDPSDF3MC3GSJ4","ser_url":"https:\/\/cadenaser.com\/comunitat-valenciana\/2024\/10\/20\/el-huesitos-la-vila-cumple-en-su-primera-final-de-la-temporada-radio-benidorm\/"},"_links":{"self":[{"href":"https:\/\/serbenidorm.daliisolutions.com\/index.php\/wp-json\/wp\/v2\/posts\/9611","targetHints":{"allow":["GET"]}}],"collection":[{"href":"https:\/\/serbenidorm.daliisolutions.com\/index.php\/wp-json\/wp\/v2\/posts"}],"about":[{"href":"https:\/\/serbenidorm.daliisolutions.com\/index.php\/wp-json\/wp\/v2\/types\/post"}],"replies":[{"embeddable":true,"href":"https:\/\/serbenidorm.daliisolutions.com\/index.php\/wp-json\/wp\/v2\/comments?post=9611"}],"version-history":[{"count":0,"href":"https:\/\/serbenidorm.daliisolutions.com\/index.php\/wp-json\/wp\/v2\/posts\/9611\/revisions"}],"wp:featuredmedia":[{"embeddable":true,"href":"https:\/\/serbenidorm.daliisolutions.com\/index.php\/wp-json\/wp\/v2\/media\/9612"}],"wp:attachment":[{"href":"https:\/\/serbenidorm.daliisolutions.com\/index.php\/wp-json\/wp\/v2\/media?parent=9611"}],"wp:term":[{"taxonomy":"category","embeddable":true,"href":"https:\/\/serbenidorm.daliisolutions.com\/index.php\/wp-json\/wp\/v2\/categories?post=9611"},{"taxonomy":"post_tag","embeddable":true,"href":"https:\/\/serbenidorm.daliisolutions.com\/index.php\/wp-json\/wp\/v2\/tags?post=9611"}],"curies":[{"name":"wp","href":"https:\/\/api.w.org\/{rel}","templated":true}]}}