{"id":9613,"date":"2024-10-20T17:07:04","date_gmt":"2024-10-20T15:07:04","guid":{"rendered":"https:\/\/serbenidorm.daliisolutions.com\/index.php\/2024\/10\/20\/una-averia-trunca-un-espectacular-dia-de-felipe-orts\/"},"modified":"2024-10-20T17:07:04","modified_gmt":"2024-10-20T15:07:04","slug":"una-averia-trunca-un-espectacular-dia-de-felipe-orts","status":"publish","type":"post","link":"https:\/\/serbenidorm.daliisolutions.com\/index.php\/2024\/10\/20\/una-averia-trunca-un-espectacular-dia-de-felipe-orts\/","title":{"rendered":"Una aver\u00eda trunca un espectacular d\u00eda de Felipe Orts"},"content":{"rendered":"  <p>Benidorm<\/p>   <p>La localidad belga de Ruddervoorde acog\u00eda este domingo la prueba inaugural del Superprestigio 2024-2025 de ciclocross en una tarde realmente desapacible en la que el vilero <a href=\"https:\/\/cadenaser.com\/tag\/felipe_orts_lloret\/a\/\">Felipe Orts<\/a> vio truncada su jornada a causa de una desafortunada aver\u00eda dentro de las cuatro \u00faltimas vueltas.<\/p>   <p>Hasta ese momento, Orts volvi\u00f3 a rodar en todo momento en el grupo de cabeza junto a los \u2018sospechoso\u2019 habituales Michael Vanthourenthout, Niels Vandeputte, Lars van der Haar o el jovenc\u00edsimo Joran Wyseure, que acabar\u00eda imponi\u00e9ndose en la l\u00ednea de meta.<\/p>   <p>El corredor espa\u00f1ol del Ridley Racing Team llegaba a Ruddervoorde con la moral por las nubes despu\u00e9s de haberse sentido con muy buenas piernas el pasado jueves en Ardooie y todo hac\u00eda indicar que el de La Vila Joiosa podr\u00eda, incluso, pelear por el podio en uno de los grandes circuitos de la especialidad invernal del ciclismo.<\/p>   <p>Sin embargo, todo se estrope\u00f3 a menos de cuatro vueltas para el final, cuando una aver\u00eda mec\u00e1nica en su rueda trasera provoc\u00f3 que Orts perdiera contacto con el grupo cabecero. Llegando como pudo al box de material, tras el cambio de bici al de La Vila Joiosa no le qued\u00f3 m\u00e1s que maquillar de la mejor manera posible el domingo y lo hizo sumando su quinto s\u00e9ptimo puesto en otras tantas apariciones en Ruddervoorde.<\/p>   <p>La pr\u00f3xima aparici\u00f3n de Felipe Orts ser\u00e1 el martes en la Nacht van Woerden (Pa\u00edses Bajos).<\/p>   <p>     .c-w{         max-width:444px;         width:100%;         margin:32px auto;      background:#00755E;         border-radius:4px;         display:flex;         align-items:center;         justify-content:center;     }     .c-w a{         display:flex;         align-items:center;         justify-content:center;         padding:4px 24px;     }     .c-w img{         width:24px;         margin-right:12px;     }     .c-w p{         font:18px\/25px Poppins;         text-align:center;         color:#fff;         margin:0;     }     @media (max-width:444px){         .c-w a{             padding:4px 12px;         }         .c-w img{             width:24px;             margin-right:8px;         }         .c-w p{             font:14px\/25px Poppins;         }     }     @media (max-width:335px){         .c-w p{             font:13px\/25px Poppins;         }     }  <div class=\"c-w\">     <a href=\"https:\/\/www.whatsapp.com\/channel\/0029Va633PF9WtC4l7XUzh1e\" target=\"_blank\" rel=\"noopener\">         <img decoding=\"async\" src=\"https:\/\/cadenaser.com\/estaticos\/recursosgraficos\/responsive\/img\/ico-whatsapp.svg\" alt=\"Whatsapp\">         <p>\u00danete al <b>canal de WhatsApp<\/b> de la SER<\/p>     <\/a> <\/div><\/p> ","protected":false},"excerpt":{"rendered":"<p>El corredor vilero volvi\u00f3 a ser s\u00e9ptimo en Ruddervoorde<\/p>\n","protected":false},"author":0,"featured_media":9614,"comment_status":"open","ping_status":"open","sticky":false,"template":"","format":"standard","meta":{"_acf_changed":false,"footnotes":""},"categories":[16],"tags":[],"class_list":["post-9613","post","type-post","status-publish","format-standard","has-post-thumbnail","hentry","category-deportes"],"acf":{"ser_id":"ZOPTRPINZFEBVCJMJ4JBYXMUYQ","ser_url":"https:\/\/cadenaser.com\/comunitat-valenciana\/2024\/10\/20\/una-averia-trunca-un-espectacular-dia-de-felipe-orts-radio-benidorm\/"},"_links":{"self":[{"href":"https:\/\/serbenidorm.daliisolutions.com\/index.php\/wp-json\/wp\/v2\/posts\/9613","targetHints":{"allow":["GET"]}}],"collection":[{"href":"https:\/\/serbenidorm.daliisolutions.com\/index.php\/wp-json\/wp\/v2\/posts"}],"about":[{"href":"https:\/\/serbenidorm.daliisolutions.com\/index.php\/wp-json\/wp\/v2\/types\/post"}],"replies":[{"embeddable":true,"href":"https:\/\/serbenidorm.daliisolutions.com\/index.php\/wp-json\/wp\/v2\/comments?post=9613"}],"version-history":[{"count":0,"href":"https:\/\/serbenidorm.daliisolutions.com\/index.php\/wp-json\/wp\/v2\/posts\/9613\/revisions"}],"wp:featuredmedia":[{"embeddable":true,"href":"https:\/\/serbenidorm.daliisolutions.com\/index.php\/wp-json\/wp\/v2\/media\/9614"}],"wp:attachment":[{"href":"https:\/\/serbenidorm.daliisolutions.com\/index.php\/wp-json\/wp\/v2\/media?parent=9613"}],"wp:term":[{"taxonomy":"category","embeddable":true,"href":"https:\/\/serbenidorm.daliisolutions.com\/index.php\/wp-json\/wp\/v2\/categories?post=9613"},{"taxonomy":"post_tag","embeddable":true,"href":"https:\/\/serbenidorm.daliisolutions.com\/index.php\/wp-json\/wp\/v2\/tags?post=9613"}],"curies":[{"name":"wp","href":"https:\/\/api.w.org\/{rel}","templated":true}]}}