{"id":9665,"date":"2024-10-22T17:14:48","date_gmt":"2024-10-22T15:14:48","guid":{"rendered":"https:\/\/serbenidorm.daliisolutions.com\/index.php\/2024\/10\/22\/el-aula-del-mar-de-benidorm-de-edificio-fantasma-a-su-inminente-apertura\/"},"modified":"2024-10-22T17:14:48","modified_gmt":"2024-10-22T15:14:48","slug":"el-aula-del-mar-de-benidorm-de-edificio-fantasma-a-su-inminente-apertura","status":"publish","type":"post","link":"https:\/\/serbenidorm.daliisolutions.com\/index.php\/2024\/10\/22\/el-aula-del-mar-de-benidorm-de-edificio-fantasma-a-su-inminente-apertura\/","title":{"rendered":"El Aula del Mar de Benidorm, de \u00abedificio fantasma\u00bb a su inminente apertura"},"content":{"rendered":"  <p>Benidorm<\/p>   <p>El alcalde de Benidorm ha anunciado este martes, tras las cr\u00edticas de la oposici\u00f3n, la apertura del Aula del Mar el pr\u00f3ximo domingo 3 de noviembre. El edificio, situado en primera l\u00ednea de la playa de Levante y terminado desde hace meses, servir\u00e1 como espacio cultural y pedag\u00f3gico.<\/p>   <p>La portavoz del PSOE Cristina Escoda acusaba ayer a Toni P\u00e9rez de convertirse<a href=\"https:\/\/cadenaser.com\/tag\/benidorm\/a\/\" target=\"_blank\" rel=\"noopener\"> \u00aben coleccionista de edificios fantasma\u00bb <\/a>en referencia al retraso en la apertura y puesta en funcionamiento del Aula del Mar y el Albergue de la S\u00e9quia Mare.<\/p>  <p><p class=\"tit\"><span>Hora 14 Benidorm (22\/10\/2024)<\/span><\/p> <p class=\"emb\"><iframe loading=\"lazy\" src=\"https:\/\/cadenaser.com\/embed\/audio\/460\/cadenaser_benidorm_hora14benidorm_20241022_141700_143000\/\" width=\"100%\" height=\"360\" frameborder=\"0\" allowfullscreen><\/iframe><\/p><\/p>   <p>El primer edil ha respondido un d\u00eda despu\u00e9s con un tono igualmente duro y ese anuncio de inaugurar la primera de las dos infraestructuras el domingo 3 de noviembre en el marco de la semana cultural previa a las Festes Majors Patronals: \u00abEl PSOE ya tendr\u00e1 respuesta a aquello que no han podido ni sabido averiguar, bastaba sencillamente con una llamada a la Comissi\u00f3 de Festes\u00bb.<\/p>   <p>P\u00e9rez tambi\u00e9n ha avanzado que desde el mismo d\u00eda de la apertura los visitantes podr\u00e1n conocer la exposici\u00f3n permanente de este nuevo espacio cultural y ha subrayado que \u00abapenas han pasado 95 d\u00edas desde que se recepcion\u00f3 la obra\u00bb cuando \u00abel PSOE tard\u00f3 casi a\u00f1o y medio en abrir el Museu Boca del Calvari sin ninguna programaci\u00f3n\u00bb.<\/p>   <p>Sin fecha para el albergue juvenil<\/p>   <p>El otro edificio terminado y no abierto es el albergue juvenil, en el parque de la S\u00e8quia Mare, aunque para este el alcalde todav\u00eda no ha querido aventurar una fecha ya que hay que terminar el proyecto para su apertura, licitarlo y adjudicarlo.<\/p>   <p>     .c-w{         max-width:444px;         width:100%;         margin:32px auto;      background:#00755E;         border-radius:4px;         display:flex;         align-items:center;         justify-content:center;     }     .c-w a{         display:flex;         align-items:center;         justify-content:center;         padding:4px 24px;     }     .c-w img{         width:24px;         margin-right:12px;     }     .c-w p{         font:18px\/25px Poppins;         text-align:center;         color:#fff;         margin:0;     }     @media (max-width:444px){         .c-w a{             padding:4px 12px;         }         .c-w img{             width:24px;             margin-right:8px;         }         .c-w p{             font:14px\/25px Poppins;         }     }     @media (max-width:335px){         .c-w p{             font:13px\/25px Poppins;         }     }  <div class=\"c-w\">     <a href=\"https:\/\/www.whatsapp.com\/channel\/0029Va633PF9WtC4l7XUzh1e\" target=\"_blank\" rel=\"noopener\">         <img decoding=\"async\" src=\"https:\/\/cadenaser.com\/estaticos\/recursosgraficos\/responsive\/img\/ico-whatsapp.svg\" alt=\"Whatsapp\">         <p>\u00danete al <b>canal de WhatsApp<\/b> de la SER<\/p>     <\/a> <\/div><\/p>  <p><p>M\u00e1s informaci\u00f3n<\/p><figure><img loading=\"lazy\" decoding=\"async\" src=\"https:\/\/cadenaser.com\/resizer\/v2\/ZVOPXUMW4ZFJ3F4YQEUA5LTT7A.jpg?auth=e9c8eb3c103e5085269c26dd675df7007e0531cac0bfeb50804860c742184544&amp;quality=70&amp;width=360&amp;height=202&amp;smart=true\" width=\"820\" height=\"621\" \/><\/figure><ul><li><a href=\"https:\/\/cadenaser.com\/comunitat-valenciana\/2024\/10\/16\/toni-perez-sobre-eduardo-zaplana-fue-un-excelente-alcalde-de-benidorm-radio-benidorm\/\"><span>Toni P\u00e9rez, sobre Eduardo Zaplana: \u00abFue un excelente alcalde de Benidorm\u00bb<\/span><\/a><\/li><\/ul><\/p>   <p>\u00abNos van a permitir que todo eso est\u00e9 finalizado, bien hecho, contrastado, firmado por los t\u00e9cnicos, fiscalizado, para que podamos dar una fecha para la ocupaci\u00f3n. Lo contrario \u2013ha a\u00f1adido P\u00e9rez\u2013 ser\u00eda una prisa que no tenemos porque por encima de la ley no hay prisa que valga\u00bb.<\/p>   <p>Adem\u00e1s, P\u00e9rez ha anunciado el <a href=\"https:\/\/cadenaser.com\/comunitat-valenciana\/2024\/10\/15\/el-psoe-de-benidorm-exigira-que-se-retiren-todos-los-honores-al-exalcalde-zaplana-radio-benidorm\/\" target=\"_blank\" rel=\"noopener\">voto en contra del PP en el pr\u00f3ximo pleno a la moci\u00f3n socialista de retirar los honores que tiene en Benidorm, como una avenida, al ex alcalde Eduardo Zaplana<\/a>, condenado por el caso Erial. \u00abNo es una sentencia firme\u00bb, ha insistido.<\/p> ","protected":false},"excerpt":{"rendered":"<p>El edificio, terminado de construir hace meses, abrir\u00e1 al p\u00fablico el domingo 3 de noviembre <\/p>\n","protected":false},"author":0,"featured_media":9666,"comment_status":"open","ping_status":"open","sticky":false,"template":"","format":"standard","meta":{"_acf_changed":false,"footnotes":""},"categories":[1],"tags":[],"class_list":["post-9665","post","type-post","status-publish","format-standard","has-post-thumbnail","hentry","category-sin-categoria"],"acf":{"ser_id":"QWHE5YFR35BTTKC73RA4VM7YMI","ser_url":"https:\/\/cadenaser.com\/comunitat-valenciana\/2024\/10\/22\/el-aula-del-mar-de-benidorm-de-edificio-fantasma-a-su-inminente-apertura-radio-benidorm\/"},"_links":{"self":[{"href":"https:\/\/serbenidorm.daliisolutions.com\/index.php\/wp-json\/wp\/v2\/posts\/9665","targetHints":{"allow":["GET"]}}],"collection":[{"href":"https:\/\/serbenidorm.daliisolutions.com\/index.php\/wp-json\/wp\/v2\/posts"}],"about":[{"href":"https:\/\/serbenidorm.daliisolutions.com\/index.php\/wp-json\/wp\/v2\/types\/post"}],"replies":[{"embeddable":true,"href":"https:\/\/serbenidorm.daliisolutions.com\/index.php\/wp-json\/wp\/v2\/comments?post=9665"}],"version-history":[{"count":0,"href":"https:\/\/serbenidorm.daliisolutions.com\/index.php\/wp-json\/wp\/v2\/posts\/9665\/revisions"}],"wp:featuredmedia":[{"embeddable":true,"href":"https:\/\/serbenidorm.daliisolutions.com\/index.php\/wp-json\/wp\/v2\/media\/9666"}],"wp:attachment":[{"href":"https:\/\/serbenidorm.daliisolutions.com\/index.php\/wp-json\/wp\/v2\/media?parent=9665"}],"wp:term":[{"taxonomy":"category","embeddable":true,"href":"https:\/\/serbenidorm.daliisolutions.com\/index.php\/wp-json\/wp\/v2\/categories?post=9665"},{"taxonomy":"post_tag","embeddable":true,"href":"https:\/\/serbenidorm.daliisolutions.com\/index.php\/wp-json\/wp\/v2\/tags?post=9665"}],"curies":[{"name":"wp","href":"https:\/\/api.w.org\/{rel}","templated":true}]}}