{"id":9670,"date":"2024-10-22T19:20:47","date_gmt":"2024-10-22T17:20:47","guid":{"rendered":"https:\/\/serbenidorm.daliisolutions.com\/index.php\/2024\/10\/22\/los-pozos-de-benidorm-en-polop-ya-no-sirven-para-conseguir-agua\/"},"modified":"2024-10-22T19:20:47","modified_gmt":"2024-10-22T17:20:47","slug":"los-pozos-de-benidorm-en-polop-ya-no-sirven-para-conseguir-agua","status":"publish","type":"post","link":"https:\/\/serbenidorm.daliisolutions.com\/index.php\/2024\/10\/22\/los-pozos-de-benidorm-en-polop-ya-no-sirven-para-conseguir-agua\/","title":{"rendered":"Los pozos de Benidorm en Polop ya no sirven para conseguir agua"},"content":{"rendered":"  <p>Benidorm<\/p>   <p>Los pozos que el Ayuntamiento de Benidorm tiene en una parcela de 18.000 metros cuadrados la vecina localidad de Polop, tan \u00fatiles en situaciones de sequ\u00eda hace d\u00e9cadas, ya no sirven al no presentar un rendimiento suficiente.<\/p>   <p>Un caudal que no sirve y que adem\u00e1s afectar\u00eda al nivel de otros pozos que comparten acu\u00edfero, los que los regantes locales tienen pr\u00f3ximos, como ha explicado el concejal de Ciclo del Agua Jos\u00e9 Ram\u00f3n Gonz\u00e1lez de Z\u00e1rate: \u00abEs el mismo agua para todos y si tiramos de ellos les podemos fastidiar\u00bb.<\/p>  <p><p>M\u00e1s informaci\u00f3n<\/p><figure><img loading=\"lazy\" decoding=\"async\" src=\"https:\/\/cadenaser.com\/resizer\/v2\/36XASO7EA5DSLHW23ORG6SC67A.webp?auth=68f089115c4685d9bf992f5824619ce71d04ff2e379c0e9deb0ba2e85fe3dd0b&amp;quality=70&amp;width=360&amp;height=202&amp;smart=true\" width=\"820\" height=\"621\" \/><\/figure><ul><li><a href=\"https:\/\/cadenaser.com\/comunitat-valenciana\/2023\/05\/03\/el-fracaso-de-rabasa-por-el-agua-y-la-creacion-del-consorcio-de-aguas-de-la-marina-baixa-radio-benidorm\/\"><span>El fracaso de Rabasa por el agua y la creaci\u00f3n del Consorcio de Aguas de la Marina Baixa<\/span><\/a><\/li><\/ul><\/p>   <p>Se trata del resultado del estudio realizado por la concesionaria del agua en la ciudad, Hidraqua, y ahora habr\u00e1 que pensar un futuro para ellos: \u00abEl Ayuntamiento pude hacer subasta, ced\u00e9rselo a Polop, al Consorcio de Aguas o a la Confederaci\u00f3n Hidrogr\u00e1fica del J\u00facar\u00bb, ha planteado el edil. <\/p>   <p>Pedro Zaragoza y la llegada del agua potable a la ciudad<\/p>   <p>En 1960 se inauguraba la primera red de suministro de agua de Benidorm desde el pozo de Rabasa, en Polop, primero para las fuentes p\u00fablicas y m\u00e1s tarde para las casas, como el historiador Paco Amillo ha contado en <a href=\"https:\/\/cadenaser.com\/tag\/benidorm\/a\/\" target=\"_blank\" rel=\"noopener\">Hoy por Hoy Benidorm<\/a>.<\/p>   <p>El por entonces alcalde Pedro Zaragoza plasm\u00f3 el recuerdo de la llegada del agua potable a la futura capital tur\u00edstica con una frase, <i>De ilusi\u00f3n tambi\u00e9n se vive<\/i>, que sigue grabada en piedra en el fondo de la fuente del Parque de Elche, junto al puerto.<\/p>   <p>     .c-w{         max-width:444px;         width:100%;         margin:32px auto;      background:#00755E;         border-radius:4px;         display:flex;         align-items:center;         justify-content:center;     }     .c-w a{         display:flex;         align-items:center;         justify-content:center;         padding:4px 24px;     }     .c-w img{         width:24px;         margin-right:12px;     }     .c-w p{         font:18px\/25px Poppins;         text-align:center;         color:#fff;         margin:0;     }     @media (max-width:444px){         .c-w a{             padding:4px 12px;         }         .c-w img{             width:24px;             margin-right:8px;         }         .c-w p{             font:14px\/25px Poppins;         }     }     @media (max-width:335px){         .c-w p{             font:13px\/25px Poppins;         }     }  <div class=\"c-w\">     <a href=\"https:\/\/www.whatsapp.com\/channel\/0029Va633PF9WtC4l7XUzh1e\" target=\"_blank\" rel=\"noopener\">         <img decoding=\"async\" src=\"https:\/\/cadenaser.com\/estaticos\/recursosgraficos\/responsive\/img\/ico-whatsapp.svg\" alt=\"Whatsapp\">         <p>\u00danete al <b>canal de WhatsApp<\/b> de la SER<\/p>     <\/a> <\/div><\/p> ","protected":false},"excerpt":{"rendered":"<p>El Ayuntamiento estudia varias opciones para su futuro<\/p>\n","protected":false},"author":0,"featured_media":9671,"comment_status":"open","ping_status":"open","sticky":false,"template":"","format":"standard","meta":{"_acf_changed":false,"footnotes":""},"categories":[1],"tags":[],"class_list":["post-9670","post","type-post","status-publish","format-standard","has-post-thumbnail","hentry","category-sin-categoria"],"acf":{"ser_id":"6OS35P4FPFFBZC2SKDNRJLPD7I","ser_url":"https:\/\/cadenaser.com\/comunitat-valenciana\/2024\/10\/22\/los-pozos-de-benidorm-en-polop-ya-no-sirven-para-conseguir-agua-radio-benidorm\/"},"_links":{"self":[{"href":"https:\/\/serbenidorm.daliisolutions.com\/index.php\/wp-json\/wp\/v2\/posts\/9670","targetHints":{"allow":["GET"]}}],"collection":[{"href":"https:\/\/serbenidorm.daliisolutions.com\/index.php\/wp-json\/wp\/v2\/posts"}],"about":[{"href":"https:\/\/serbenidorm.daliisolutions.com\/index.php\/wp-json\/wp\/v2\/types\/post"}],"replies":[{"embeddable":true,"href":"https:\/\/serbenidorm.daliisolutions.com\/index.php\/wp-json\/wp\/v2\/comments?post=9670"}],"version-history":[{"count":0,"href":"https:\/\/serbenidorm.daliisolutions.com\/index.php\/wp-json\/wp\/v2\/posts\/9670\/revisions"}],"wp:featuredmedia":[{"embeddable":true,"href":"https:\/\/serbenidorm.daliisolutions.com\/index.php\/wp-json\/wp\/v2\/media\/9671"}],"wp:attachment":[{"href":"https:\/\/serbenidorm.daliisolutions.com\/index.php\/wp-json\/wp\/v2\/media?parent=9670"}],"wp:term":[{"taxonomy":"category","embeddable":true,"href":"https:\/\/serbenidorm.daliisolutions.com\/index.php\/wp-json\/wp\/v2\/categories?post=9670"},{"taxonomy":"post_tag","embeddable":true,"href":"https:\/\/serbenidorm.daliisolutions.com\/index.php\/wp-json\/wp\/v2\/tags?post=9670"}],"curies":[{"name":"wp","href":"https:\/\/api.w.org\/{rel}","templated":true}]}}