{"id":9679,"date":"2024-10-23T08:30:42","date_gmt":"2024-10-23T06:30:42","guid":{"rendered":"https:\/\/serbenidorm.daliisolutions.com\/index.php\/2024\/10\/23\/hoy-por-hoy-benidorm-se-emite-desde-el-ii-congreso-internacional-bandera-azul\/"},"modified":"2024-10-23T08:30:42","modified_gmt":"2024-10-23T06:30:42","slug":"hoy-por-hoy-benidorm-se-emite-desde-el-ii-congreso-internacional-bandera-azul","status":"publish","type":"post","link":"https:\/\/serbenidorm.daliisolutions.com\/index.php\/2024\/10\/23\/hoy-por-hoy-benidorm-se-emite-desde-el-ii-congreso-internacional-bandera-azul\/","title":{"rendered":"Hoy por Hoy Benidorm se emite desde el II Congreso Internacional Bandera Azul"},"content":{"rendered":"  <p>L&#8217;Alf\u00e0s del Pi<\/p>   <p>El II Congreso Internacional Bandera Azul ha abierto sus puertas en L&#8217;Alf\u00e0s del Pi para hablar de \u00abSostenibilidad, Salud y Seguridad\u00bb ante mas de 200 inscritos que asisten desde diversas partes del mundo. Las dos primeras jornadas, m\u00e1s te\u00f3ricas, se desarrollan en L&#8217;Alf\u00e0s del P\u00ed los d\u00edas 22 y 23 de otubre mientras que la \u00faltima sesi\u00f3n, de car\u00e1cter m\u00e1s pr\u00e1ctico y demostrativo, se traslada a Gand\u00eda.<\/p>   <p><a href=\"https:\/\/radiobenidorm.es\" rel=\"nofollow noopener\" target=\"_blank\">Hoy por Hoy Benidorm<\/a> ha emitido un programa especial desde la sede del congreso, localizada estos d\u00edas en la Casa de Cultura de L&#8217;Alf\u00e0s del Pi, y ha podido conversar con alguno de los ponentes y autoridades que han pasado por la jornada inaugural. Han pasado por el programa la consellera de Turisme, Nuria Montes, el presidente de la Diputaci\u00f3n Provincial de Alicante, Toni P\u00e9rez, el presidente de ADEAC, Jos\u00e9 Palacios, o la edil de Turismo de Gand\u00eda, Balbina Sendra, entre otros. <\/p>   <p>En este evento se dan cita cerca de 50 ponentes nacionales e internacionales, expertos en \u00e1reas como la sostenibilidad, la salud y accesibilidad en playas, la seguridad y la educaci\u00f3n ambiental. Bajo el nombre de \u2018Sostenibilidad, salud y seguridad\u2019 se presenta esta iniciativa, con la que se pretende compartir experiencias y ejemplos de buenas pr\u00e1cticas que permitan avanzar hacia un turismo sostenible.<\/p>   <p>Por el acto inaugural han pasado la consellera de Innovaci\u00f3n, Industria, Comercio y Turismo de la Generalitat Valenciana, Nuria Montes; el presidente de la Diputaci\u00f3n Provincial de Alicante, Toni P\u00e9rez; el presidente de ADEAC, Jos\u00e9 Palacios; el alcalde de l\u2019Alf\u00e0s del Pi, Vicente Arques, y la concejala de Turismo de Gand\u00eda, Balbina Sendra. Un encuentro en el que tambi\u00e9n se han dado cita Johann Durand, Director Internacional de Bandera Azul, e Isabel Oliver, oficial superior de ONU Turismo.<\/p>   <p>Durante su intervenci\u00f3n, la consellera de Turismo, Nuria Montes, ha subrayado la importancia de acoger este congreso en la Comunitat Valenciana, una regi\u00f3n l\u00edder en materia de Banderas Azules. \u201c37 Banderas Azules y m\u00e1s de 200 certificados Qualitur avalan precisamente la gesti\u00f3n de muchos municipios costeros, entre ellos l\u2019Alf\u00e0s del Pi, que son ejemplo de c\u00f3mo gestionar bien nuestras playas y nuestras costas\u201d, ha declarado Montes, tras anunciar la aprobaci\u00f3n esta ma\u00f1ana por el Consell del anteproyecto de la Ley Valenciana de Costas. \u201cEl 15% del PIB valenciano est\u00e1 relacionado con la gesti\u00f3n del litoral y con esta Ley lo que se pretende es una mejor gesti\u00f3n, m\u00e1s adaptada a nuestra realidad\u201d, ha a\u00f1adido.<\/p>   <p>     .c-w{         max-width:444px;         width:100%;         margin:32px auto;      background:#00755E;         border-radius:4px;         display:flex;         align-items:center;         justify-content:center;     }     .c-w a{         display:flex;         align-items:center;         justify-content:center;         padding:4px 24px;     }     .c-w img{         width:24px;         margin-right:12px;     }     .c-w p{         font:18px\/25px Poppins;         text-align:center;         color:#fff;         margin:0;     }     @media (max-width:444px){         .c-w a{             padding:4px 12px;         }         .c-w img{             width:24px;             margin-right:8px;         }         .c-w p{             font:14px\/25px Poppins;         }     }     @media (max-width:335px){         .c-w p{             font:13px\/25px Poppins;         }     }  <div class=\"c-w\">     <a href=\"https:\/\/www.whatsapp.com\/channel\/0029Va633PF9WtC4l7XUzh1e\" target=\"_blank\" rel=\"noopener\">         <img decoding=\"async\" src=\"https:\/\/cadenaser.com\/estaticos\/recursosgraficos\/responsive\/img\/ico-whatsapp.svg\" alt=\"Whatsapp\">         <p>\u00danete al <b>canal de WhatsApp<\/b> de la SER<\/p>     <\/a> <\/div><\/p>   <p>En Espa\u00f1a, la colaboraci\u00f3n de administraciones locales, auton\u00f3micas y estatales con el programa Bandera Azul est\u00e1 permitiendo alcanzar resultados muy positivos en la imagen de calidad, respeto al medio ambiente y seguridad. En esta l\u00ednea hay que seguir trabajando. As\u00ed lo ha manifestado Jos\u00e9 Palacios, presidente de ADEAC. \u201cEn este congreso vamos a contar con 48 expertos que van a demostrar experiencias reales que otros municipios pueden entender como v\u00e1lidas para ir cambiando hacia una gesti\u00f3n m\u00e1s sostenible\u201d, ha declarado.<\/p>   <p>Entre las experiencias que Palacios ha citado est\u00e1n las playas sin humo, para proteger a la infancia, pero tambi\u00e9n a los propios fumadores y, muy especialmente, a los ecosistemas marinos. \u201cUna simple colilla que vaya al mar contamina 100 litros de agua\u201d, ha explicado. Tambi\u00e9n playas sin papeleras en los arenales, para evitar todos esos residuos que caen al mar, o playas sin duchas, \u201cporque se derrocha mucha agua dulce\u201d.<\/p>   <p>Se trata, en definitiva, de seguir apostando por una gesti\u00f3n sostenible de las playas y de los destinos tur\u00edsticos. \u201cHay que cuidar, mimar y proteger nuestras playas, porque son una gran fuente de riqueza, no s\u00f3lo medioambiental, sino tambi\u00e9n econ\u00f3mica y social. Cu\u00e1nto y bueno nos proporciona un espacio como una playa, un sendero o un centro azul\u201d, ha declarado el presidente de la Diputaci\u00f3n de Alicante, Toni P\u00e9rez, tras incidir en \u201cla importancia que Bandera Azul tiene en la Comunidad Valenciana, y muy especialmente en la Marina Baixa gracias a municipios como l\u2019Alf\u00e0s del Pi, que han sido insignia en ese reconocimiento\u201d.<\/p>   <p><b>L\u2019Alf\u00e0s del Pi, distinguido por ADEAC como el municipio con m\u00e1s Centros Azules de Europa<\/b><\/p>   <p>Esta poblaci\u00f3n alicantina cuenta con seis Centros Azules, espacios dedicados a la educaci\u00f3n medioambiental, que junto con el galard\u00f3n Sendero Azul de la Ruta al Faro de l\u2019Albir y la Bandera Azul de la playa del Rac\u00f3 de l\u2019Albir, suman un total de 8 certificados que son sin\u00f3nimo de excelencia, calidad y cuidado del medio ambiente.<\/p>   <p>Para el alcalde de l\u2019Alf\u00e0s del Pi, Vicente Arques, estos 8 galardones avalan el trabajo realizado desde el Ayuntamiento de l\u2019Alf\u00e0s del Pi por la recuperaci\u00f3n, conservaci\u00f3n y divulgaci\u00f3n del patrimonio natural y cultural del municipio. \u201cFue en 1987 cuando la playa de l\u2019Albir obtuvo la Bandera Azul, que no ha dejado de ondear desde entonces, y desde 2013 al 2023 l\u2019Alf\u00e0s logr\u00f3 otros siete distintivos, por lo que el poder acoger en el municipio este Congreso Internacional Bandera Azul es como un premio al trabajo iniciado hace ya casi 40 a\u00f1os\u201d, ha manifestado Arques.<\/p>   <p>En el mismo sentido se ha pronunciado la concejala de Turismo de Gand\u00eda, Balbina Sendra, que ha calificado de \u201cprivilegio\u201d el poder dar a conocer en este congreso el trabajo que se hace desde hace tantos a\u00f1os en Gand\u00eda en gesti\u00f3n de playas.<\/p> ","protected":false},"excerpt":{"rendered":"<p>L&#8217;Alf\u00e0s del Pi es sede del congreso el 22 y 23 de octubre y Gand\u00eda acoger\u00e1 la jornada final el d\u00eda 24<\/p>\n","protected":false},"author":0,"featured_media":9680,"comment_status":"open","ping_status":"open","sticky":false,"template":"","format":"standard","meta":{"_acf_changed":false,"footnotes":""},"categories":[1],"tags":[],"class_list":["post-9679","post","type-post","status-publish","format-standard","has-post-thumbnail","hentry","category-sin-categoria"],"acf":{"ser_id":"G3MRLVNLUVFRXMA3RO4TM2DBZM","ser_url":"https:\/\/cadenaser.com\/comunitat-valenciana\/2024\/10\/23\/hoy-por-hoy-benidorm-se-emite-desde-el-ii-congreso-internacional-bandera-azul-radio-benidorm\/"},"_links":{"self":[{"href":"https:\/\/serbenidorm.daliisolutions.com\/index.php\/wp-json\/wp\/v2\/posts\/9679","targetHints":{"allow":["GET"]}}],"collection":[{"href":"https:\/\/serbenidorm.daliisolutions.com\/index.php\/wp-json\/wp\/v2\/posts"}],"about":[{"href":"https:\/\/serbenidorm.daliisolutions.com\/index.php\/wp-json\/wp\/v2\/types\/post"}],"replies":[{"embeddable":true,"href":"https:\/\/serbenidorm.daliisolutions.com\/index.php\/wp-json\/wp\/v2\/comments?post=9679"}],"version-history":[{"count":0,"href":"https:\/\/serbenidorm.daliisolutions.com\/index.php\/wp-json\/wp\/v2\/posts\/9679\/revisions"}],"wp:featuredmedia":[{"embeddable":true,"href":"https:\/\/serbenidorm.daliisolutions.com\/index.php\/wp-json\/wp\/v2\/media\/9680"}],"wp:attachment":[{"href":"https:\/\/serbenidorm.daliisolutions.com\/index.php\/wp-json\/wp\/v2\/media?parent=9679"}],"wp:term":[{"taxonomy":"category","embeddable":true,"href":"https:\/\/serbenidorm.daliisolutions.com\/index.php\/wp-json\/wp\/v2\/categories?post=9679"},{"taxonomy":"post_tag","embeddable":true,"href":"https:\/\/serbenidorm.daliisolutions.com\/index.php\/wp-json\/wp\/v2\/tags?post=9679"}],"curies":[{"name":"wp","href":"https:\/\/api.w.org\/{rel}","templated":true}]}}