{"id":9687,"date":"2024-10-23T12:35:44","date_gmt":"2024-10-23T10:35:44","guid":{"rendered":"https:\/\/serbenidorm.daliisolutions.com\/index.php\/2024\/10\/23\/la-barra-libre-analisis-del-polemico-final-del-partido-entre-el-balonmano-benidorm-y-el-logrono\/"},"modified":"2024-10-23T12:35:44","modified_gmt":"2024-10-23T10:35:44","slug":"la-barra-libre-analisis-del-polemico-final-del-partido-entre-el-balonmano-benidorm-y-el-logrono","status":"publish","type":"post","link":"https:\/\/serbenidorm.daliisolutions.com\/index.php\/2024\/10\/23\/la-barra-libre-analisis-del-polemico-final-del-partido-entre-el-balonmano-benidorm-y-el-logrono\/","title":{"rendered":"La Barra Libre: An\u00e1lisis del pol\u00e9mico final del partido entre el Balonmano Benidorm y el Logro\u00f1o"},"content":{"rendered":"  <p>Benidorm<\/p>   <p>Fueron apenas 30 segundos de juego, pero \u00a1qu\u00e9 30 segundos! La \u00faltima jugada del partido de Liga Asobal disputado el pasado domingo entre el Servigroup Benidorm y el Balonmano Logro\u00f1o y, sobre todo, las decisiones arbitrales que se vivieron en ese momento, enfurecieron a la grada local ya que, como tambi\u00e9n consideran los expertos de La Barra Libre, condicionaron de forma muy importante el juego para que el equipo visitante acabara llev\u00e1ndose la victoria.<\/p> ","protected":false},"excerpt":{"rendered":"<p>Los expertos de SER Deportivos Marina Baixa centran el debate en los segundos finales de un choque con gran pol\u00e9mica arbitral<\/p>\n","protected":false},"author":0,"featured_media":9688,"comment_status":"open","ping_status":"open","sticky":false,"template":"","format":"standard","meta":{"_acf_changed":false,"footnotes":""},"categories":[16],"tags":[],"class_list":["post-9687","post","type-post","status-publish","format-standard","has-post-thumbnail","hentry","category-deportes"],"acf":{"ser_id":"KUUXGQKX6VBKFHZ3MSRULOYJVY","ser_url":"https:\/\/cadenaser.com\/comunitat-valenciana\/2024\/10\/23\/la-barra-libre-analisis-del-polemico-final-del-partido-entre-el-balonmano-benidorm-y-el-logrono-radio-benidorm\/"},"_links":{"self":[{"href":"https:\/\/serbenidorm.daliisolutions.com\/index.php\/wp-json\/wp\/v2\/posts\/9687","targetHints":{"allow":["GET"]}}],"collection":[{"href":"https:\/\/serbenidorm.daliisolutions.com\/index.php\/wp-json\/wp\/v2\/posts"}],"about":[{"href":"https:\/\/serbenidorm.daliisolutions.com\/index.php\/wp-json\/wp\/v2\/types\/post"}],"replies":[{"embeddable":true,"href":"https:\/\/serbenidorm.daliisolutions.com\/index.php\/wp-json\/wp\/v2\/comments?post=9687"}],"version-history":[{"count":0,"href":"https:\/\/serbenidorm.daliisolutions.com\/index.php\/wp-json\/wp\/v2\/posts\/9687\/revisions"}],"wp:featuredmedia":[{"embeddable":true,"href":"https:\/\/serbenidorm.daliisolutions.com\/index.php\/wp-json\/wp\/v2\/media\/9688"}],"wp:attachment":[{"href":"https:\/\/serbenidorm.daliisolutions.com\/index.php\/wp-json\/wp\/v2\/media?parent=9687"}],"wp:term":[{"taxonomy":"category","embeddable":true,"href":"https:\/\/serbenidorm.daliisolutions.com\/index.php\/wp-json\/wp\/v2\/categories?post=9687"},{"taxonomy":"post_tag","embeddable":true,"href":"https:\/\/serbenidorm.daliisolutions.com\/index.php\/wp-json\/wp\/v2\/tags?post=9687"}],"curies":[{"name":"wp","href":"https:\/\/api.w.org\/{rel}","templated":true}]}}