{"id":9689,"date":"2024-10-24T07:28:16","date_gmt":"2024-10-24T05:28:16","guid":{"rendered":"https:\/\/serbenidorm.daliisolutions.com\/index.php\/2024\/10\/24\/leyendas-del-ciclismo-se-citan-este-fin-de-semana-en-la-nucia-con-hector-alvarez-como-espectador-de-lujo\/"},"modified":"2024-10-24T07:28:16","modified_gmt":"2024-10-24T05:28:16","slug":"leyendas-del-ciclismo-se-citan-este-fin-de-semana-en-la-nucia-con-hector-alvarez-como-espectador-de-lujo","status":"publish","type":"post","link":"https:\/\/serbenidorm.daliisolutions.com\/index.php\/2024\/10\/24\/leyendas-del-ciclismo-se-citan-este-fin-de-semana-en-la-nucia-con-hector-alvarez-como-espectador-de-lujo\/","title":{"rendered":"Leyendas del ciclismo se citan este fin de semana en La Nuc\u00eda con H\u00e9ctor \u00c1lvarez como espectador de lujo"},"content":{"rendered":"  <p>Benidorm<\/p>   <p>El pr\u00f3ximo fin de semana La Nuc\u00eda acoger\u00e1 el renacimiento de una de las mejores y mayores fiestas del ciclismo: <a href=\"https:\/\/cadenaser.com\/comunitat-valenciana\/2024\/10\/02\/alejandro-valverde-me-hace-especial-ilusion-correr-con-bugno-y-chiappucci-en-la-nucia-radio-benidorm\/\" target=\"_blank\" rel=\"noopener\">el Crit\u00e9rium organizado por Javier Castellar y el C.D. Podium y que regresa, tras muchos a\u00f1os de ausencia<\/a>, con su esencia m\u00e1s pura, la de servir como un punto de encuentro, lejos de la tensi\u00f3n y la inmediatez de la competici\u00f3n de m\u00e1ximo nivel, entre las grandes estrellas y los aficionados.<\/p>   <p>El domingo ser\u00e1 el turno del Gran Fondo, que hace ya tiempo que agot\u00f3 sus 1.500 dorsales y en el que tambi\u00e9n participar\u00e1n los grandes nombres que completan el cartel de ese Crit\u00e9rium del s\u00e1bado en el que, entre otros, estar\u00e1n nombres tan importantes como los de Gianni Bugno, Claudio Chiappucci, Alejandro Valverde, Mathieu Van der Poel, \u00d3scar Sevilla, Samu S\u00e1nchez, Pablo Castrillo\u2026<\/p>   <p>El que tambi\u00e9n estar\u00e1, pero formando parte del p\u00fablico, es <a href=\"https:\/\/cadenaser.com\/tag\/hector_alvarez_martinez\/a\/\" target=\"_blank\" rel=\"noopener\">H\u00e9ctor \u00c1lvarez<\/a>, el ciclista de l\u2019Alf\u00e0s del Pi que ha terminado el a\u00f1o como n\u00famero uno del ranking J\u00fanior mundial y que la pr\u00f3xima temporada formar\u00e1 ya parte de la estructura del Lidl-Trek, donde correr\u00e1, en principio, dos a\u00f1os en el equipo de desarrollo antes de dar el salto al World Tour.<\/p>   <p>Este mi\u00e9rcoles, 72 horas antes de que comience esa gran cita ciclista, el organizador del Crit\u00e9rium de La Nuc\u00eda, Javier Castellar; y la gran promesa del ciclismo espa\u00f1ol, H\u00e9ctor \u00c1lvarez, han compartido conversaci\u00f3n en <a href=\"https:\/\/cadenaser.com\/radio-benidorm\/ser-deportivos-benidorm\/\" target=\"_blank\" rel=\"noopener\">SER Deportivos Marina Baixa<\/a>.<\/p>   <p>Una fiesta para toda la familia<\/p>   <p>En ese paso por el programa deportivo de <a href=\"https:\/\/cadenaser.com\/radio-benidorm\/\" target=\"_blank\" rel=\"noopener\">Radio Benidorm-SER<\/a>, Castellar ha explicado que \u201cun crit\u00e9rium es algo muy diferente a lo que la gente puede tener en la cabeza si lo compara con una prueba competitiva. Un crit\u00e9rium es una fiesta para toda la familia y para disfrutar de las leyendas y de las figuras que vamos a tener con nosotros\u201d.<\/p>   <p>     .c-w{         max-width:444px;         width:100%;         margin:32px auto;      background:#00755E;         border-radius:4px;         display:flex;         align-items:center;         justify-content:center;     }     .c-w a{         display:flex;         align-items:center;         justify-content:center;         padding:4px 24px;     }     .c-w img{         width:24px;         margin-right:12px;     }     .c-w p{         font:18px\/25px Poppins;         text-align:center;         color:#fff;         margin:0;     }     @media (max-width:444px){         .c-w a{             padding:4px 12px;         }         .c-w img{             width:24px;             margin-right:8px;         }         .c-w p{             font:14px\/25px Poppins;         }     }     @media (max-width:335px){         .c-w p{             font:13px\/25px Poppins;         }     }  <div class=\"c-w\">     <a href=\"https:\/\/www.whatsapp.com\/channel\/0029Va633PF9WtC4l7XUzh1e\" target=\"_blank\" rel=\"noopener\">         <img decoding=\"async\" src=\"https:\/\/cadenaser.com\/estaticos\/recursosgraficos\/responsive\/img\/ico-whatsapp.svg\" alt=\"Whatsapp\">         <p>\u00danete al <b>canal de WhatsApp<\/b> de la SER<\/p>     <\/a> <\/div><\/p>  <p><p>M\u00e1s informaci\u00f3n<\/p><figure><img loading=\"lazy\" decoding=\"async\" src=\"https:\/\/cadenaser.com\/resizer\/v2\/V2D2SGFGSZACXHSVI576XXX22I.jpg?auth=caaa5d6e4f59087daf56594f07d91f421372be51bd86b4916c1e5e2d35435671&amp;quality=70&amp;width=360&amp;height=202&amp;smart=true\" width=\"820\" height=\"621\" \/><\/figure><ul><li><a href=\"https:\/\/cadenaser.com\/comunitat-valenciana\/2024\/10\/02\/alejandro-valverde-me-hace-especial-ilusion-correr-con-bugno-y-chiappucci-en-la-nucia-radio-benidorm\/\"><span>Alejandro Valverde: \u201cMe hace especial ilusi\u00f3n correr con Bugno y Chiappucci en La Nuc\u00eda\u201d<\/span><\/a><\/li><\/ul><\/p>   <p>Por ello, el m\u00e1ximo responsable del C.D. Podium, ha subrayado que \u201clo que nosotros, como organizadores, hacemos en el crit\u00e9rium es darles a esas grandes figuras del ciclismo la puesta en escena. Vamos a crear un estadio donde vamos a generar muchos impactos de emoci\u00f3n. Por ejemplo, con las pruebas de puntuaci\u00f3n, eliminaci\u00f3n o el duelo\u201d.<\/p>   <p>Una cita, ha querido enfatizar Castellar, que <a href=\"https:\/\/cadenaser.com\/tag\/ciclismo\/a\/\" target=\"_blank\" rel=\"noopener\">est\u00e1 pensada tanto para los grandes amantes del ciclismo como para aquellos que, sencillamente, quieran pasar un rato en familia el s\u00e1bado por la tarde<\/a>. \u201cLo m\u00e1s importante es que ser\u00e1 una fiesta en la que la gente podr\u00e1 venir a \u2018tocar\u2019 a las leyendas. A poder disfrutarlas, porque en una etapa del Giro, del Tour o de la Vuelta, lo \u00fanico que puedes hacer es verlos. Aqu\u00ed vienen relajados y van a estar por la gente y por las familias. Eso es algo que era importante que volviera para que esas leyendas lleguen m\u00e1s al p\u00fablico\u201d<\/p>   <p>Una prueba que, sigue explicando Castellar, contar\u00e1 con uno de los mejores ciclistas de la historia, \u2018El Bala\u2019. En cualquier caso, el organizador afirma que \u201cAlejandro Valverde es uno m\u00e1s. Pero viene casi como si fuera un juvenil, porque me ha dicho que se ha estado preparando y que viene con mucha ilusi\u00f3n, primero, por ese reto con otras leyendas como Bugno o Chiappucci y, despu\u00e9s, para disfrutar con los aficionados en el Gran Fondo del domingo\u201d. Con todo, \u201cel cartel est\u00e1 servido. Creo que el aficionado va a estar encantado\u201d.<\/p>   <p>Gianni Bugno, &#8216;campionissimo&#8217; en Benidorm<\/p>   <p>Otra leyenda que no se perder\u00e1 esta cita es el italiano Gianni Bugno, que el 6 de septiembre de 1992 se proclamaba campe\u00f3n del Mundo en Benidorm. Castellar afirma que Bugno \u201cest\u00e1 s\u00faper ilusionado y quiere tener esa sensaci\u00f3n de estar cerca de donde gan\u00f3 el Mundial. Viene muy contento y a recordar sensaciones y momentos de lo que hizo en Benidorm. Estoy seguro de que todos los que estamos aqu\u00ed vamos a entregarnos a que lo disfrute y recuerde aquella batalla preciosa\u201d.<\/p>  <p><p>M\u00e1s informaci\u00f3n<\/p><figure><img loading=\"lazy\" decoding=\"async\" src=\"https:\/\/cadenaser.com\/resizer\/v2\/6EIEP6JUBNEAVFTLNXNEXX3MGU.jpeg?auth=4c77f6f0394ed250eb9048cb0a3cc5ba00b7837ff51a142575bea026a05cf138&amp;quality=70&amp;width=360&amp;height=202&amp;smart=true\" width=\"820\" height=\"621\" \/><\/figure><ul><li><a href=\"https:\/\/cadenaser.com\/comunitat-valenciana\/2022\/09\/06\/gianni-bugno-recuerdo-el-calor-de-benidorm-cuando-gane-el-mundial-radio-benidorm\/\"><span>Gianni Bugno: \u201cRecuerdo el calor de Benidorm cuando gan\u00e9 el Mundial\u201d<\/span><\/a><\/li><\/ul><\/p>   <p>Tampoco se perder\u00e1 el Crit\u00e9rium de La Nuc\u00eda Claudio Chiappucci, apodado en su \u00e9poca como \u2018El Diablo\u2019 por aquella manera, muchas veces loca, de correr que ten\u00eda uno de los ciclistas m\u00e1s agresivos de su generaci\u00f3n. Para el responsable del C.D. Podium, Bugno y Chiappucci \u201cson corredores muy distintos. Est\u00e1 claro que, para construir la leyenda de Miguel, hac\u00edan falta los dos: Bugno era un ciclista puro, ganador s\u00ed o s\u00ed; Claudio, s\u00f3lo con verle aquellas batallas que hac\u00eda, ya lo entiendes todo y de ah\u00ed entiendes lo de \u2018El Diablo\u2019\u201d.<\/p>   <p>Una de las mejores noticias que nos dejar\u00e1 el fin de semana, m\u00e1s all\u00e1 del espect\u00e1culo que se vivir\u00e1 en la Ciutat Esportiva Camilo Cano, ser\u00e1 la vuelta de ese Crit\u00e9rium que, recuerda Castellar, \u201carrancamos en el a\u00f1o 1990 en Massamagrell, de ah\u00ed fuimos a Rafelbunyol, Pu\u00e7ol, Gan\u00eda, X\u00e0tiva, Vall d\u2019Ux\u00f3 y Val\u00e8ncia\u201d.<\/p>   <p>Una prueba de la que, con mucha raz\u00f3n, presume su organizador afirmando que \u201cno tengo que defender las cosas que yo hago, pero s\u00ed voy a defender lo que se ha conseguido en todas esas ediciones del Crit\u00e9rium. Es un espect\u00e1culo, s\u00ed; pero que ha vivido las despedidas del ciclismo de figuras como Gianni Bugno, Claudio Chiappucci, Miguel Indur\u00e1in, Abraham Olano, Tony Rominger, Acacio Da Silva\u2026 Eso merece un respeto a esos corredores que lo dieron todo y decidieron despedirse en el Crit\u00e9rium\u201d.<\/p>   <p>Ahora, con la \u2018criatura\u2019 ya renacida, el tambi\u00e9n exciclista de Massamagrell, se pregunta \u201c\u00bfc\u00f3mo se pod\u00eda perder esto? Yo tengo que dejarlo claro: esto se vuelve a recuperar gracias a Carlos Maz\u00f3n, al alcalde de La Nuc\u00eda, a las administraciones y, por supuesto, al esfuerzo de un organizador que lo que tiene que hacer es trabajar muy duro para que esto no se pierda. Esto es historia y la historia no la va a borrar nadie\u201d.<\/p>   <p>H\u00e9ctor \u00c1lvarez, espectador entusiasta<\/p>   <p>Javier Castellar, que fue ciclista y luego dio el salto a la organizaci\u00f3n de carreras, quiso que H\u00e9ctor \u00c1lvarez tambi\u00e9n formara parte de esta gran fiesta que se vivir\u00e1 en La Nuc\u00eda. El ciclista alfasino, por su parte, tambi\u00e9n ha reconocido tener mucha ilusi\u00f3n por poder estar junto a tantas leyendas de su deporte, pero el hecho de ser todav\u00eda menor de edad (no cumplir\u00e1 los 18 hasta diciembre) han hecho imposible, por cuestiones burocr\u00e1ticas, su presencia sobre la bici.<\/p>   <p>En cualquier caso, Castellar no ha dudado en deshacerse en elogios hacia \u00c1lvarez. Sentados uno junto al otro en el estudio de Radio Benidorm-SER, el m\u00e1ximo responsable del Crit\u00e9rium de La Nuc\u00eda se ha dirigido hacia el jovenc\u00edsimo ciclista de l\u2019Alf\u00e0s del Pi vaticinando \u201c\u00a1qu\u00e9 corredorazo vamos a tener! Estoy viendo un Miguel Indur\u00e1in\u201d.<\/p>  <p><p>M\u00e1s informaci\u00f3n<\/p><figure><img loading=\"lazy\" decoding=\"async\" src=\"https:\/\/cadenaser.com\/resizer\/v2\/WC7GXTB7AZD2PGWSWP3AT7TTW4.JPG?auth=04579c1185af0e90c3cf76e469f812947dc0f4b94c480f4d52070fbae6438825&amp;quality=70&amp;width=360&amp;height=202&amp;smart=true\" width=\"820\" height=\"621\" \/><\/figure><ul><li><a href=\"https:\/\/cadenaser.com\/tag\/hector_alvarez_martinez\/a\/\"><span>Todas las noticias de H\u00e9ctor \u00c1lvarez<\/span><\/a><\/li><\/ul><\/p>   <p>Para justificar esa comparaci\u00f3n, Castellar ha recordado que \u201cen el a\u00f1o 1982 gan\u00e9 el Campeonato de Espa\u00f1a y en 1983 lo gan\u00f3 Indur\u00e1in en Elda. Ten\u00eda entonces 19 a\u00f1os y era tal cual como t\u00fa. Le pregunt\u00e9 \u2018\u00bfc\u00f3mo te llamas?\u2019 y me dijo que Miguel\u00edn. Y digo que H\u00e9ctor es igual que Miguel por su humildad, por su saber estar, porque tiene las cosas claras. Todo lo que te pase negativamente, va a ser positivo para ti porque vas a aprender. Debes estar tranquilo. Vas a llegar muy alto\u201d.<\/p>   <p>Unos halagos que \u00c1lvarez ha recibido con humildad. \u201cSon palabras que me enorgullecen\u201d, ha reaccionado, para a\u00f1adir que \u201cest\u00e1 bien que te reconozcan por c\u00f3mo eres encima de la bicicleta, pero que lo hagan por lo que haces fuera de ella, tambi\u00e9n es un orgullo\u201d.<\/p>   <p>N\u00famero 1 del \u00b4ranking mundial J\u00fanior<\/p>   <p>En cuanto a su reci\u00e9n terminada temporada, \u00c1lvarez ha explicado que, pese a que ten\u00eda previsto terminar el a\u00f1o con la disputa del Campeonato del Mundo, hubo un cambio de planes de \u00faltima hora. \u201cDespu\u00e9s del Mundial me qued\u00e9 a unos pocos puntos del n\u00famero uno del ranking J\u00fanior y en cuanto me propusieron poder competir en la Philippe Gilbert, donde hab\u00eda puntos UCI en juego, no me lo pens\u00e9\u201d. El resultado no pudo ser m\u00e1s positivo: gan\u00f3 la carrera y ha terminado 2024 como el mejor J\u00fanior del mundo.<\/p>   <p>Ahora, H\u00e9ctor \u00c1lvarez da el salto a la categor\u00eda Sub-23 de la mano de la estructura del Lidl-Trek, un momento crucial para \u00e9l ya que \u201centramos en una nueva \u00e9poca. Para m\u00ed, ser\u00e1 una nueva vida. Voy a pasar de estar \u2018jugando\u2019 con el ciclismo en la categor\u00eda J\u00fanior a ir a una concentraci\u00f3n con gente como Mads Pedersen, Giulio Ciccone&#8230;\u201d.<\/p>  <p><p>M\u00e1s informaci\u00f3n<\/p><figure><img loading=\"lazy\" decoding=\"async\" src=\"https:\/\/cadenaser.com\/resizer\/v2\/EZHZK6KRH5ETTNLYBEEPK2JIFI.jpg?auth=3a022664e7cc40897ab06d046bfdf72b2bc3299926a29254e13063fc2011fadf&amp;quality=70&amp;width=360&amp;height=202&amp;smart=true\" width=\"820\" height=\"621\" \/><\/figure><ul><li><a href=\"https:\/\/cadenaser.com\/comunitat-valenciana\/2024\/09\/26\/el-diluvio-de-zurich-acaba-con-el-sueno-arcoioris-de-hector-alvarez-radio-benidorm\/\"><span>El diluvio de Z\u00farich acaba con el sue\u00f1o arco\u00edoris de H\u00e9ctor \u00c1lvarez<\/span><\/a><\/li><\/ul><\/p>   <p>En cuanto al futuro a medio plazo, el de l\u2019Alf\u00e0s del Pi explica que \u201cquiero hacer los dos a\u00f1os en Sub-23 con el equipo de desarrollo. Despu\u00e9s de ver c\u00f3mo he terminado la temporada, se ha hablado de hacer s\u00f3lo uno, pero viendo c\u00f3mo ha cambiado la normativa, que dice que un corredor con ficha World Tour no puede correr un Europeo o un Mundial Sub-23, hemos decidido que ser\u00e1n dos\u201d.<\/p>   <p>Echando la vista atr\u00e1s, <a href=\"https:\/\/cadenaser.com\/comunitat-valenciana\/2024\/09\/14\/hector-alvarez-subcampeon-de-europa-de-ciclismo-radio-benidorm\/\" target=\"_blank\" rel=\"noopener\">\u00c1lvarez ha repasado su paso por el Campeoanto de Europa, donde acab\u00f3 colg\u00e1ndose la medalla de plata<\/a>, y en el que, en el tramo final de la jornada, \u201c\u00edbamos fundiditos y nerviosos. Confi\u00e9 en mi sprint, pero el noruego fue mucho m\u00e1s r\u00e1pido que yo y te quedas con la espinita de saber qu\u00e9 hubiese pasado si lo hubiese probado antes. Pero s\u00ed, lo ves tan cerca que te molesta un poco m\u00e1s. Sin embargo, en el Mundial s\u00e9 que lo di todo y que no hab\u00eda m\u00e1s. Me qued\u00e9 contento con la sexta plaza\u201d,<\/p>   <p>En cuanto a <a href=\"https:\/\/cadenaser.com\/comunitat-valenciana\/2024\/09\/26\/el-diluvio-de-zurich-acaba-con-el-sueno-arcoioris-de-hector-alvarez-radio-benidorm\/\" target=\"_blank\" rel=\"noopener\">esa cita mundialista en la que se tuvo que conformar con la sexta plaza<\/a> tras rozar la medalla (y, quiz\u00e1s, el t\u00edtulo) con la punta de los dedos, \u00c1lvarez ha reconocido que \u201cen cuanto me arranc\u00f3 Lorenzo Finn me dije \u2018aqu\u00ed est\u00e1 pasando algo\u2019. Pero creo que ya era tarde. Por mucho que comiera o bebiera, el \u2018T\u00edo del Mazo\u2019 ya estaba ah\u00ed escondido. Ya no hab\u00eda m\u00e1s remedio que intentar llegar y que me pasaran los menos posible\u201d.<\/p>   <p>Incursi\u00f3n en el ciclocross<\/p>   <p>No contento con su gran campa\u00f1a de ruta, H\u00e9ctor \u00c1lvarez va a probar este invierno, aunque s\u00f3lo sea de forma testimonial, el ciclicross. Ser\u00e1 \u201ceste domingo\u201d cuando \u201c<a href=\"https:\/\/cadenaser.com\/tag\/ciclocross\/a\/\" target=\"_blank\" rel=\"noopener\">voy a estar en el ciclocross de l\u2019Enova para ayudar al organizador, que fue mi director<\/a>. Todos los a\u00f1os \u00edbamos a ayudar, pero este a\u00f1o me ha pedido un poco m\u00e1s de colaboraci\u00f3n y estar\u00e9 en la salida. Ver\u00e9 qu\u00e9 puedo hacer, porque es una disciplina dif\u00edcil. Intentar\u00e9 disfrutar y estar con todos los ni\u00f1os y ni\u00f1as que se presenten all\u00ed\u201d.<\/p>   <p>Adem\u00e1s, el pr\u00f3ximo d\u00eda 16 de noviembre tomar\u00e1 la salida en <a href=\"https:\/\/cadenaser.com\/tag\/felipe_orts_lloret\/a\/\" target=\"_blank\" rel=\"noopener\">la prueba del Superprestigio que se disputar\u00e1 en la localidad belga de Merksplas<\/a>. Una cita al m\u00e1ximo nivel para la que \u201cme sali\u00f3 la oportunidad de correr y no me lo pens\u00e9. Siempre veo las carreras en Eurosport y quer\u00eda vivir esa experiencia desde dentro y all\u00e1 me voy\u201d.<\/p>   <p>El Crit\u00e9rium de La Nuc\u00eda (antes, en sus otras ubicaciones) siempre ha servido como gran fiesta de despedida de las mejores figuras del ciclismo mundial. Preguntado por c\u00f3mo le gustar\u00eda, dentro de muchos a\u00f1os, que se le recordara cuando llegue el momento de colgar la bici, \u00c1lvarez ha vuelto a mostrar su extrema madurez (y no s\u00f3lo como deportista) al asegurar que lo que m\u00e1s le gustar\u00eda atesorar es \u201cel amor del p\u00fablico. Que la gente te reconozca por c\u00f3mo has sido y por los \u00e9xitos que hayas tenido como ciclista, que vendr\u00e1n por las piernas que tengas. Sobre todo, que me recuerden como buen corredor y como buena persona\u201d.<\/p>   <p>En cuanto a la pr\u00f3xima temporada, la de su debut como Sub-23, ha afirmado que \u201c<a href=\"https:\/\/cadenaser.com\/comunitat-valenciana\/2024\/04\/08\/hector-alvarez-hace-historia-con-un-top10-para-el-recuerdo-en-roubaix-radio-benidorm\/\" target=\"_blank\" rel=\"noopener\">uno de mis objetivos ser\u00e1 la Par\u00eds-Roubaix Sub-23<\/a>. Tengo ganas de correr con la elite, pero con los pies en el suelo. Dentro de dos a\u00f1os, por qu\u00e9 no, debutar en la World Tour para poder aprender y poder disputarla cuando me llegue la madurez en esa prueba. Es una carrera que puedes entrar a disputarla cuando la has corrido cuatro o cinco veces. Antes, s\u00f3lo tienes que agachar la cabeza y perseguir, perseguir, perseguir\u2026 y llegar al vel\u00f3dromo\u201d.<\/p> ","protected":false},"excerpt":{"rendered":"<p>Javier Castellar: \u201cser\u00e1 una fiesta en la que la gente podr\u00e1 venir a \u2018tocar\u2019 a las leyendas\u201d | \u00c1lvarez har\u00e1 este invierno incursiones en el ciclocross<\/p>\n","protected":false},"author":0,"featured_media":9690,"comment_status":"open","ping_status":"open","sticky":false,"template":"","format":"standard","meta":{"_acf_changed":false,"footnotes":""},"categories":[16],"tags":[],"class_list":["post-9689","post","type-post","status-publish","format-standard","has-post-thumbnail","hentry","category-deportes"],"acf":{"ser_id":"A5KPDBOX45DZHCWJUVOEDQGLQ4","ser_url":"https:\/\/cadenaser.com\/comunitat-valenciana\/2024\/10\/23\/leyendas-del-ciclismo-se-citan-este-fin-de-semana-en-la-nucia-con-hector-alvarez-como-espectador-de-lujo-radio-benidorm\/"},"_links":{"self":[{"href":"https:\/\/serbenidorm.daliisolutions.com\/index.php\/wp-json\/wp\/v2\/posts\/9689","targetHints":{"allow":["GET"]}}],"collection":[{"href":"https:\/\/serbenidorm.daliisolutions.com\/index.php\/wp-json\/wp\/v2\/posts"}],"about":[{"href":"https:\/\/serbenidorm.daliisolutions.com\/index.php\/wp-json\/wp\/v2\/types\/post"}],"replies":[{"embeddable":true,"href":"https:\/\/serbenidorm.daliisolutions.com\/index.php\/wp-json\/wp\/v2\/comments?post=9689"}],"version-history":[{"count":0,"href":"https:\/\/serbenidorm.daliisolutions.com\/index.php\/wp-json\/wp\/v2\/posts\/9689\/revisions"}],"wp:featuredmedia":[{"embeddable":true,"href":"https:\/\/serbenidorm.daliisolutions.com\/index.php\/wp-json\/wp\/v2\/media\/9690"}],"wp:attachment":[{"href":"https:\/\/serbenidorm.daliisolutions.com\/index.php\/wp-json\/wp\/v2\/media?parent=9689"}],"wp:term":[{"taxonomy":"category","embeddable":true,"href":"https:\/\/serbenidorm.daliisolutions.com\/index.php\/wp-json\/wp\/v2\/categories?post=9689"},{"taxonomy":"post_tag","embeddable":true,"href":"https:\/\/serbenidorm.daliisolutions.com\/index.php\/wp-json\/wp\/v2\/tags?post=9689"}],"curies":[{"name":"wp","href":"https:\/\/api.w.org\/{rel}","templated":true}]}}