{"id":9711,"date":"2024-10-24T07:57:14","date_gmt":"2024-10-24T05:57:14","guid":{"rendered":"https:\/\/serbenidorm.daliisolutions.com\/index.php\/2024\/10\/24\/los-trabajadores-de-la-residencia-de-benidorm-se-vuelven-a-concentrar-este-jueves-como-podemos-vivir-con-mil-euros-al-mes\/"},"modified":"2024-10-24T07:57:14","modified_gmt":"2024-10-24T05:57:14","slug":"los-trabajadores-de-la-residencia-de-benidorm-se-vuelven-a-concentrar-este-jueves-como-podemos-vivir-con-mil-euros-al-mes","status":"publish","type":"post","link":"https:\/\/serbenidorm.daliisolutions.com\/index.php\/2024\/10\/24\/los-trabajadores-de-la-residencia-de-benidorm-se-vuelven-a-concentrar-este-jueves-como-podemos-vivir-con-mil-euros-al-mes\/","title":{"rendered":"Los trabajadores de la residencia de Benidorm se vuelven a concentrar este jueves: \u00ab\u00bfC\u00f3mo podemos vivir con mil euros al mes?\u00bb"},"content":{"rendered":"  <p>Benidorm<\/p>   <p>Salarios que no llegan a mil euros netos, noches enteras que se pagan a nueve euros, domingos y festivos que no se cobran como tal, ratios de hace diez a\u00f1os o bajas que no se cubren. Estas son solo algunas de las circunstancias que denuncian estar viviendo los trabajadores de la residencia y centro de d\u00eda para personas mayores dependientes de Benidorm.<\/p>   <p>Se trata de un servicio de titularidad p\u00fablica pero gesti\u00f3n privada con una empresa que tiene el contrato caducado desde hace m\u00e1s de un a\u00f1o. Los cambios en las condiciones laborales, explican desde esta plantilla compuesta por 75 personas, no ser\u00e1n posibles hasta que se vuelva a adjudicar y para conseguirlo volver\u00e1n a exigir la licitaci\u00f3n a la Generalitat Valenciana en una <a href=\"https:\/\/cadenaser.com\/tag\/benidorm\/a\/\" target=\"_blank\" rel=\"noopener\">nueva concentraci\u00f3n este jueves a las 10:30 h. a las puertas de las instalaciones de Foietes<\/a>.<\/p>   <p>\u00abTriste y lamentable\u00bb<\/p>   <p>As\u00ed ha definido su situaci\u00f3n en <a href=\"https:\/\/cadenaser.com\/tag\/comarca_la_marina_baixa\/a\/\" target=\"_blank\" rel=\"noopener\">La Ventana de la Marina Baixa<\/a> Macu Valls, t\u00e9cnica de actividades socioculturales y presidenta del comit\u00e9 de empresa, junto a Carlos Gasc\u00f3n, auxiliar: \u00abLa Conselleria no entiende que vivir con 1.000 euros es pagar alquileres o hipotecas de 600 o 700 euros, que nos est\u00e1 afectando f\u00edsica y an\u00edmicamente y que nos dedicamos a cuidar personas mientras ellos se dedican a olvidarlas\u00bb.<\/p>   <p>Una situaci\u00f3n que no es exclusiva del centro de la capital tur\u00edstica si no que se replica en tantas otras residencias de gesti\u00f3n integral de la Comunitat Valenciana que tambi\u00e9n saldr\u00e1n a la calle: \u00abSolo hay que darle al botoncito para que salga la licitaci\u00f3n, que dejen de contarnos milongas en cada reuni\u00f3n\u00bb, pide Gasc\u00f3n.<\/p>   <p>Valls reivindica adem\u00e1s que la administraci\u00f3n cumpla la equiparaci\u00f3n salarial con los trabajadores de las residencias p\u00fablicas: \u00abHasta que no salga a licitaci\u00f3n y no se adjudique no se puede aplicar esa tabla equiparable a la p\u00fablica; mejorar\u00eda los salarios bastante y algo nos ayudar\u00eda\u00bb.<\/p>   <p>     .c-w{         max-width:444px;         width:100%;         margin:32px auto;      background:#00755E;         border-radius:4px;         display:flex;         align-items:center;         justify-content:center;     }     .c-w a{         display:flex;         align-items:center;         justify-content:center;         padding:4px 24px;     }     .c-w img{         width:24px;         margin-right:12px;     }     .c-w p{         font:18px\/25px Poppins;         text-align:center;         color:#fff;         margin:0;     }     @media (max-width:444px){         .c-w a{             padding:4px 12px;         }         .c-w img{             width:24px;             margin-right:8px;         }         .c-w p{             font:14px\/25px Poppins;         }     }     @media (max-width:335px){         .c-w p{             font:13px\/25px Poppins;         }     }  <div class=\"c-w\">     <a href=\"https:\/\/www.whatsapp.com\/channel\/0029Va633PF9WtC4l7XUzh1e\" target=\"_blank\" rel=\"noopener\">         <img decoding=\"async\" src=\"https:\/\/cadenaser.com\/estaticos\/recursosgraficos\/responsive\/img\/ico-whatsapp.svg\" alt=\"Whatsapp\">         <p>\u00danete al <b>canal de WhatsApp<\/b> de la SER<\/p>     <\/a> <\/div><\/p> ","protected":false},"excerpt":{"rendered":"<p>Sus aumentos salariales en los \u00faltimos diez a\u00f1os han sido de un 5 % y el contrato de gesti\u00f3n lleva caducado m\u00e1s de un a\u00f1o<\/p>\n","protected":false},"author":0,"featured_media":9712,"comment_status":"open","ping_status":"open","sticky":false,"template":"","format":"standard","meta":{"_acf_changed":false,"footnotes":""},"categories":[1],"tags":[],"class_list":["post-9711","post","type-post","status-publish","format-standard","has-post-thumbnail","hentry","category-sin-categoria"],"acf":{"ser_id":"SJWFTQHEQJC55JNN75KI6CICBU","ser_url":"https:\/\/cadenaser.com\/comunitat-valenciana\/2024\/10\/23\/los-trabajadores-de-la-residencia-de-benidorm-se-vuelven-a-concentrar-este-jueves-como-podemos-vivir-con-mil-euros-al-mes-radio-benidorm\/"},"_links":{"self":[{"href":"https:\/\/serbenidorm.daliisolutions.com\/index.php\/wp-json\/wp\/v2\/posts\/9711","targetHints":{"allow":["GET"]}}],"collection":[{"href":"https:\/\/serbenidorm.daliisolutions.com\/index.php\/wp-json\/wp\/v2\/posts"}],"about":[{"href":"https:\/\/serbenidorm.daliisolutions.com\/index.php\/wp-json\/wp\/v2\/types\/post"}],"replies":[{"embeddable":true,"href":"https:\/\/serbenidorm.daliisolutions.com\/index.php\/wp-json\/wp\/v2\/comments?post=9711"}],"version-history":[{"count":0,"href":"https:\/\/serbenidorm.daliisolutions.com\/index.php\/wp-json\/wp\/v2\/posts\/9711\/revisions"}],"wp:featuredmedia":[{"embeddable":true,"href":"https:\/\/serbenidorm.daliisolutions.com\/index.php\/wp-json\/wp\/v2\/media\/9712"}],"wp:attachment":[{"href":"https:\/\/serbenidorm.daliisolutions.com\/index.php\/wp-json\/wp\/v2\/media?parent=9711"}],"wp:term":[{"taxonomy":"category","embeddable":true,"href":"https:\/\/serbenidorm.daliisolutions.com\/index.php\/wp-json\/wp\/v2\/categories?post=9711"},{"taxonomy":"post_tag","embeddable":true,"href":"https:\/\/serbenidorm.daliisolutions.com\/index.php\/wp-json\/wp\/v2\/tags?post=9711"}],"curies":[{"name":"wp","href":"https:\/\/api.w.org\/{rel}","templated":true}]}}