{"id":9713,"date":"2024-10-24T07:57:16","date_gmt":"2024-10-24T05:57:16","guid":{"rendered":"https:\/\/serbenidorm.daliisolutions.com\/index.php\/2024\/10\/24\/finestrat-celebrara-durante-todo-un-ano-el-centenario-de-su-ermita\/"},"modified":"2024-10-24T07:57:16","modified_gmt":"2024-10-24T05:57:16","slug":"finestrat-celebrara-durante-todo-un-ano-el-centenario-de-su-ermita","status":"publish","type":"post","link":"https:\/\/serbenidorm.daliisolutions.com\/index.php\/2024\/10\/24\/finestrat-celebrara-durante-todo-un-ano-el-centenario-de-su-ermita\/","title":{"rendered":"Finestrat celebrar\u00e1 durante todo un a\u00f1o el centenario de su Ermita"},"content":{"rendered":"  <p>Finestrat<\/p>   <p>\u00abNo es un d\u00eda. es un a\u00f1o, son 365 d\u00edas para poner en valor uno de los emplazamientos m\u00e1s arraigados a la historia de Finestrat\u00bb. As\u00ed ha comenzado la primera Teniente de Alcalde y concejala de Cultura Nati Algado la presentaci\u00f3n este mi\u00e9rcoles a los pies de la propia Ermita, en el Castell, de la programaci\u00f3n con la que se va a celebrar el centenario de este lugar.<\/p>   <p><a href=\"https:\/\/cadenaser.com\/tag\/finestrat\/a\/\" target=\"_blank\" rel=\"noopener\">Exposiciones fotogr\u00e1ficas, rutas guiadas, actuaciones musicales, conferencias o distintos actos para p\u00fablico infantil y juvenil <\/a>marcar\u00e1n el calendario hasta noviembre de 2025 con el objetivo de \u00abponer en valor la importancia de esta Ermita dedicada al Sant\u00edssim Crist del Remei. Es parte de nuestras ra\u00edces, de nuestra devoci\u00f3n, nuestra cultura y nuestra historia\u00bb.<\/p>   <p>\u00abQuien nos acompa\u00f1e el 10 de noviembre se llevar\u00e1 un pedacito del centenario a casa\u00bb<\/p>   <p>El acto inaugural de este centenario se celebrar\u00e1 el pr\u00f3ximo domingo 10 de noviembre. Empezar\u00e1 con la exposici\u00f3n de las fotograf\u00edas que muestran la inauguraci\u00f3n de esta Ermita hace justo un siglo: el 9 de noviembre de 1924. \u00c1ngel Pascual Devesa, m\u00e9dico e intelectual humanista nacido en Finestrat, fotografi\u00f3 ese d\u00eda hist\u00f3rico y su familia cedi\u00f3 estas fotograf\u00edas hace unos a\u00f1os al Archivo Municipal de Finestrat. <\/p>  <p><p>M\u00e1s informaci\u00f3n<\/p><figure><img loading=\"lazy\" decoding=\"async\" src=\"https:\/\/cadenaser.com\/resizer\/v2\/LFCBO3IXQBCGVJ7QKH5GG4QPLA.jpg?auth=b58d6b0567e46c91306d8a27c8c7e9610b2e6d8b1059676aa55fd11650f1b1c1&amp;quality=70&amp;width=360&amp;height=202&amp;smart=true\" width=\"820\" height=\"621\" \/><\/figure><ul><li><a href=\"https:\/\/cadenaser.com\/comunitat-valenciana\/2024\/10\/11\/dispositivos-que-salvan-vidas-finestrat-distribuye-detectores-de-incendios-a-personas-mayores-y-dependientes-radio-benidorm\/\"><span>Dispositivos que salvan vidas: Finestrat distribuye detectores de incendios a personas mayores y dependientes<\/span><\/a><\/li><\/ul><\/p>   <p>A mediod\u00eda tendr\u00e1 lugar el concierto del Certamen de Composici\u00f3n Musical en el que el Centre Musical Puig Campana (CMPC) interpretar\u00e1 las 3 obras finalistas: \u201cDe la Cala a l\u2019Ermita\u201d, \u201c(RE)m(E)i\u201d y \u201cPanor\u00e0miques de Finestrat\u201d. <\/p>   <p>\u00abAl finalizar, el jurado escoger\u00e1 los dos primeros premios, valorados en 2.000 y 1.000\u20ac y los asistentes podr\u00e1n votar por una de las obras que ser\u00e1 el Premio del P\u00fablico (500\u20ac)\u00bb, ha explicado Algado: \u00abLa obra ganadora se convertir\u00e1 en la Banda Sonora para este a\u00f1o conmemorativo del Centenario\u00bb.<br \/> <\/p>   <p>     .c-w{         max-width:444px;         width:100%;         margin:32px auto;      background:#00755E;         border-radius:4px;         display:flex;         align-items:center;         justify-content:center;     }     .c-w a{         display:flex;         align-items:center;         justify-content:center;         padding:4px 24px;     }     .c-w img{         width:24px;         margin-right:12px;     }     .c-w p{         font:18px\/25px Poppins;         text-align:center;         color:#fff;         margin:0;     }     @media (max-width:444px){         .c-w a{             padding:4px 12px;         }         .c-w img{             width:24px;             margin-right:8px;         }         .c-w p{             font:14px\/25px Poppins;         }     }     @media (max-width:335px){         .c-w p{             font:13px\/25px Poppins;         }     }  <div class=\"c-w\">     <a href=\"https:\/\/www.whatsapp.com\/channel\/0029Va633PF9WtC4l7XUzh1e\" target=\"_blank\" rel=\"noopener\">         <img decoding=\"async\" src=\"https:\/\/cadenaser.com\/estaticos\/recursosgraficos\/responsive\/img\/ico-whatsapp.svg\" alt=\"Whatsapp\">         <p>\u00danete al <b>canal de WhatsApp<\/b> de la SER<\/p>     <\/a> <\/div><\/p> ","protected":false},"excerpt":{"rendered":"<p>La programaci\u00f3n arranca el 10 de noviembre<\/p>\n","protected":false},"author":0,"featured_media":9714,"comment_status":"open","ping_status":"open","sticky":false,"template":"","format":"standard","meta":{"_acf_changed":false,"footnotes":""},"categories":[1],"tags":[],"class_list":["post-9713","post","type-post","status-publish","format-standard","has-post-thumbnail","hentry","category-sin-categoria"],"acf":{"ser_id":"MC5B4I3AONCZVDAJP5ZCIW2PVI","ser_url":"https:\/\/cadenaser.com\/comunitat-valenciana\/2024\/10\/23\/finestrat-celebrara-durante-todo-un-ano-el-centenario-de-su-ermita-radio-benidorm\/"},"_links":{"self":[{"href":"https:\/\/serbenidorm.daliisolutions.com\/index.php\/wp-json\/wp\/v2\/posts\/9713","targetHints":{"allow":["GET"]}}],"collection":[{"href":"https:\/\/serbenidorm.daliisolutions.com\/index.php\/wp-json\/wp\/v2\/posts"}],"about":[{"href":"https:\/\/serbenidorm.daliisolutions.com\/index.php\/wp-json\/wp\/v2\/types\/post"}],"replies":[{"embeddable":true,"href":"https:\/\/serbenidorm.daliisolutions.com\/index.php\/wp-json\/wp\/v2\/comments?post=9713"}],"version-history":[{"count":0,"href":"https:\/\/serbenidorm.daliisolutions.com\/index.php\/wp-json\/wp\/v2\/posts\/9713\/revisions"}],"wp:featuredmedia":[{"embeddable":true,"href":"https:\/\/serbenidorm.daliisolutions.com\/index.php\/wp-json\/wp\/v2\/media\/9714"}],"wp:attachment":[{"href":"https:\/\/serbenidorm.daliisolutions.com\/index.php\/wp-json\/wp\/v2\/media?parent=9713"}],"wp:term":[{"taxonomy":"category","embeddable":true,"href":"https:\/\/serbenidorm.daliisolutions.com\/index.php\/wp-json\/wp\/v2\/categories?post=9713"},{"taxonomy":"post_tag","embeddable":true,"href":"https:\/\/serbenidorm.daliisolutions.com\/index.php\/wp-json\/wp\/v2\/tags?post=9713"}],"curies":[{"name":"wp","href":"https:\/\/api.w.org\/{rel}","templated":true}]}}