{"id":9753,"date":"2024-10-25T10:42:40","date_gmt":"2024-10-25T08:42:40","guid":{"rendered":"https:\/\/serbenidorm.daliisolutions.com\/index.php\/2024\/10\/25\/vuelven-a-benidorm-las-jornadas-de-los-arroces-restaurantes-menus-y-precios\/"},"modified":"2024-10-25T10:42:40","modified_gmt":"2024-10-25T08:42:40","slug":"vuelven-a-benidorm-las-jornadas-de-los-arroces-restaurantes-menus-y-precios","status":"publish","type":"post","link":"https:\/\/serbenidorm.daliisolutions.com\/index.php\/2024\/10\/25\/vuelven-a-benidorm-las-jornadas-de-los-arroces-restaurantes-menus-y-precios\/","title":{"rendered":"Vuelven a Benidorm las Jornadas de los Arroces: restaurantes, men\u00fas y precios"},"content":{"rendered":"  <p>Benidorm<\/p>   <p>La \u00faltima cita del Benidorm Gastron\u00f3mico 2024, las \u2018XIII Jornadas de los Arroces\u2019, se cerrar\u00e1 con una edici\u00f3n de r\u00e9cord al haber alcanzado los 23 establecimientos participantes en estas jornadas que se prolongar\u00e1n desde el viernes 25 de octubre hasta el domingo 3 de noviembre.<\/p>   <p>23 restaurantes que ofrecer\u00e1n una gran variedad de arroces e ingredientes a todos los vecinos y visitantes que quieran participar de la iniciativa gastron\u00f3mica que m\u00e1s tir\u00f3n tiene entre el p\u00fablico local y for\u00e1neo.<\/p>   <p>Cada men\u00fa consta de un entrante elaborado con ingredientes aut\u00f3ctonos, un plato principal de arroz, postre y bebida, y su precio oscila entre los 25 y los 60 euros, haci\u00e9ndolo accesible para todos los gustos y bolsillos. <a href=\"https:\/\/cadenaser.com\/tag\/benidorm\/a\/\" target=\"_blank\" rel=\"noopener\">Estos arroces se combinan con entradas, vinos y postres<\/a>, los cuales aseguran una sabrosa, completa y equilibrada comida t\u00edpica benidorm\u00ed.<\/p>   <p>Lista de restaurantes<\/p>   <p><li>A bordo Gastrolounge<\/li><li>Arrocer\u00eda La Marina.<\/li><li>Bah\u00eda Azul<\/li><li>Bolikki<\/li><li>Braser\u00eda Aurrer\u00e1<\/li><li>Club N\u00e1utico<\/li><li>El Bodeg\u00f3n Aurrer\u00e1<\/li><li>El Mes\u00f3n<\/li><li>El Puerto<\/li><li>Esturi\u00f3n<\/li><li>Jard\u00edn Mediterr\u00e1neo<\/li><li>L\u2019Aroma<\/li><li>La Arrocer\u00eda de La Mejillonera<\/li><li>La Cava Aragonesa<\/li><li>La Fava<\/li><li>La Pinta Beach<\/li><li>La Posada Del Mar<\/li><li>Llum de Mar<\/li><li>Mal Pas<\/li><li>Malaspina<\/li><li>N\u00e0utic Playa<\/li><li>Punto de sal<\/li><li>Urban Beach Gastrobar<\/li><\/p> ","protected":false},"excerpt":{"rendered":"<p>Del 25 de octubre y 3 de noviembre<\/p>\n","protected":false},"author":0,"featured_media":9754,"comment_status":"open","ping_status":"open","sticky":false,"template":"","format":"standard","meta":{"_acf_changed":false,"footnotes":""},"categories":[1],"tags":[],"class_list":["post-9753","post","type-post","status-publish","format-standard","has-post-thumbnail","hentry","category-sin-categoria"],"acf":{"ser_id":"OUE2VH4TV5HLLFHTRJZLUSFR2Q","ser_url":"https:\/\/cadenaser.com\/comunitat-valenciana\/2024\/10\/25\/vuelven-a-benidorm-las-jornadas-de-los-arroces-restaurantes-menus-y-precios-radio-benidorm\/"},"_links":{"self":[{"href":"https:\/\/serbenidorm.daliisolutions.com\/index.php\/wp-json\/wp\/v2\/posts\/9753","targetHints":{"allow":["GET"]}}],"collection":[{"href":"https:\/\/serbenidorm.daliisolutions.com\/index.php\/wp-json\/wp\/v2\/posts"}],"about":[{"href":"https:\/\/serbenidorm.daliisolutions.com\/index.php\/wp-json\/wp\/v2\/types\/post"}],"replies":[{"embeddable":true,"href":"https:\/\/serbenidorm.daliisolutions.com\/index.php\/wp-json\/wp\/v2\/comments?post=9753"}],"version-history":[{"count":0,"href":"https:\/\/serbenidorm.daliisolutions.com\/index.php\/wp-json\/wp\/v2\/posts\/9753\/revisions"}],"wp:featuredmedia":[{"embeddable":true,"href":"https:\/\/serbenidorm.daliisolutions.com\/index.php\/wp-json\/wp\/v2\/media\/9754"}],"wp:attachment":[{"href":"https:\/\/serbenidorm.daliisolutions.com\/index.php\/wp-json\/wp\/v2\/media?parent=9753"}],"wp:term":[{"taxonomy":"category","embeddable":true,"href":"https:\/\/serbenidorm.daliisolutions.com\/index.php\/wp-json\/wp\/v2\/categories?post=9753"},{"taxonomy":"post_tag","embeddable":true,"href":"https:\/\/serbenidorm.daliisolutions.com\/index.php\/wp-json\/wp\/v2\/tags?post=9753"}],"curies":[{"name":"wp","href":"https:\/\/api.w.org\/{rel}","templated":true}]}}