{"id":9760,"date":"2024-10-25T13:14:10","date_gmt":"2024-10-25T11:14:10","guid":{"rendered":"https:\/\/serbenidorm.daliisolutions.com\/index.php\/2024\/10\/25\/el-voley-benidormense-corona-su-particular-tourmalet-en-almoradi\/"},"modified":"2024-10-25T13:14:10","modified_gmt":"2024-10-25T11:14:10","slug":"el-voley-benidormense-corona-su-particular-tourmalet-en-almoradi","status":"publish","type":"post","link":"https:\/\/serbenidorm.daliisolutions.com\/index.php\/2024\/10\/25\/el-voley-benidormense-corona-su-particular-tourmalet-en-almoradi\/","title":{"rendered":"El v\u00f3ley benidormense corona su particular Tourmalet en Almorad\u00ed"},"content":{"rendered":"  <p>Benidorm<\/p>   <p>Aunque sus t\u00e9cnicos y jugadores no dejan de repetir que en este grupo C de la Superliga Masculina 2 de voleibol no hay ning\u00fan equipo peque\u00f1o, lo cierto es que el calendario al que ha tenido que hacer frente el <a href=\"https:\/\/cadenaser.com\/tag\/club_voleibol_playas_benidorm\/a\/\">Servigroup Benidorm<\/a> en estas primeras jornadas ha sido para los del Ra\u00fal Mesa un aut\u00e9ntico Tourmalet que coronar\u00e1n <a href=\"https:\/\/cadenaser.com\/comunitat-valenciana\/2024\/09\/02\/todos-los-partidos-horarios-y-resultados-del-voleibol-radio-benidorm\/\">este s\u00e1bado (19:00 horas) ante el Almorad\u00ed<\/a>.<\/p>   <p>Tras haberse impuesto con contundencia en las tres primeras fechas a <a href=\"https:\/\/cadenaser.com\/comunitat-valenciana\/2024\/10\/06\/buen-arranque-liguero-para-el-club-voleibol-playas-de-benidorm-radio-benidorm\/\">Utrera (1-3)<\/a> en la cancha de los sevillanos as\u00ed como <a href=\"https:\/\/cadenaser.com\/comunitat-valenciana\/2024\/10\/13\/el-voley-masculino-convence-en-su-debut-como-local-radio-benidorm\/\">al Legan\u00e9s (3-1)<\/a> y al <a href=\"https:\/\/cadenaser.com\/comunitat-valenciana\/2024\/10\/20\/el-voleibol-playas-de-benidorm-pone-la-directa-con-doble-triunfo-radio-benidorm\/\">Suac Canarias (3-0)<\/a> en el pabell\u00f3n Ra\u00fal Mesa, los de Adriano Lamb visitan ahora al Almorad\u00ed con la oportunidad de dejar a los valencianos (segundos en la clasificaci\u00f3n) a seis puntos de distancia y, de esta manera, amarrar con todav\u00eda m\u00e1s firmeza un liderato que, al menos de momento, nadie ha podido poner en entredicho.<\/p>  <p><p>M\u00e1s informaci\u00f3n<\/p><figure><img loading=\"lazy\" decoding=\"async\" src=\"https:\/\/cadenaser.com\/resizer\/v2\/2ETOBWFX25D7HDLIPSZRUWVZ3I.jpg?auth=bdba34f51ac7bf5a7f78110fc7680b94a891fc5e91834c358fcb48eee0bafe68&amp;quality=70&amp;width=360&amp;height=202&amp;smart=true\" width=\"820\" height=\"621\" \/><\/figure><ul><li><a href=\"https:\/\/cadenaser.com\/comunitat-valenciana\/2024\/09\/02\/todos-los-partidos-horarios-y-resultados-del-voleibol-radio-benidorm\/\"><span>Todos los partidos, horarios y resultados del voleibol<\/span><\/a><\/li><\/ul><\/p>   <p>Adriano Lamb, consciente del buen momento de su equipo, se mostr\u00f3 confiado pero cauto ante el pr\u00f3ximo duelo afirmando que \u201cestamos en una muy buena posici\u00f3n, pero no podemos confiarnos. Sabemos que Almorad\u00ed es un rival directo y no ser\u00e1 un partido f\u00e1cil. Lo importante es seguir enfocados, trabajar como lo hemos hecho hasta ahora y buscar la cuarta victoria, pero sin vender la piel del oso antes de cazarlo, el campeonato est\u00e1 muy igualado\u201d.<\/p>   <p>El equipo viaja con la plantilla al completo, incluyendo a los jugadores junior que han demostrado su val\u00eda jornada a jornada. Al igual que Asier Rostoll, quien debut\u00f3 la pasada semana, todos podr\u00edan volver a contar con puntos de juego.<\/p>   <p><b>Medsur-Finestrat necsita ganar en casa<\/b><\/p>   <p>En lo que a la Superliga 2 femenina se refiere, el <a href=\"https:\/\/cadenaser.com\/tag\/club_voleibol_finestrat\/a\/\">Medsur-Finestrat<\/a>afronta este domingo (12:30 horas) un partido clave en el que las de Juanvi Llinares deber\u00e1n aprovechar su condici\u00f3n de conjunto local para sumar la que ser\u00eda su primera victoria del presente curso ante un rival directo como el X\u00e0tiva.<\/p>   <p>     .c-w{         max-width:444px;         width:100%;         margin:32px auto;      background:#00755E;         border-radius:4px;         display:flex;         align-items:center;         justify-content:center;     }     .c-w a{         display:flex;         align-items:center;         justify-content:center;         padding:4px 24px;     }     .c-w img{         width:24px;         margin-right:12px;     }     .c-w p{         font:18px\/25px Poppins;         text-align:center;         color:#fff;         margin:0;     }     @media (max-width:444px){         .c-w a{             padding:4px 12px;         }         .c-w img{             width:24px;             margin-right:8px;         }         .c-w p{             font:14px\/25px Poppins;         }     }     @media (max-width:335px){         .c-w p{             font:13px\/25px Poppins;         }     }  <div class=\"c-w\">     <a href=\"https:\/\/www.whatsapp.com\/channel\/0029Va633PF9WtC4l7XUzh1e\" target=\"_blank\" rel=\"noopener\">         <img decoding=\"async\" src=\"https:\/\/cadenaser.com\/estaticos\/recursosgraficos\/responsive\/img\/ico-whatsapp.svg\" alt=\"Whatsapp\">         <p>\u00danete al <b>canal de WhatsApp<\/b> de la SER<\/p>     <\/a> <\/div><\/p>   <p>El mayor problema para las finestratenses sigue estando en la enfermer\u00eda y es que, a dos d\u00edas del duelo ante las setabenses, Llinares todav\u00eda no sabe con cu\u00e1ntas jugadoras podr\u00e1 contar ya que algunas de sus chicas todav\u00eda se encuentran en la fase final de la recuperaci\u00f3n de sus lesiones y, por lo tanto, ser\u00e1n duda hasta \u00faltima hora.<\/p>   <p>Por su parte, el equipo femenino del <a href=\"https:\/\/cadenaser.com\/tag\/club_voleibol_playas_benidorm\/a\/\">Club Voleibol Playas de Benidorm<\/a> se enfrentar\u00e1 al <a href=\"https:\/\/cadenaser.com\/comunitat-valenciana\/2024\/09\/02\/todos-los-partidos-horarios-y-resultados-del-voleibol-radio-benidorm\/\">Cartagena en la cancha de las murcianas este s\u00e1bado (las 19:00 horas)<\/a>. Ambos equipos comparten la cuarta posici\u00f3n en la clasificaci\u00f3n con seis puntos, lo que convierte este encuentro en un duelo clave para escalar posiciones.<\/p>   <p>Tras su victoria ante el Paterna-Liceo, el equipo viaja con la moral alta, habiendo sumado puntos en todas las jornadas disputadas.<\/p>   <p>La entrenadora benidormense, Noelia Santacreu, se mostr\u00f3 optimista, pero consciente de la dificultad del reto subrayando que \u201cCartagena es un equipo muy complicado, y en su casa siempre es dif\u00edcil sumar. Sin embargo, venimos trabajando muy bien, el grupo est\u00e1 unido y estamos preparadas para dar la sorpresa. Queremos volver a Benidorm con una nueva victoria\u201d.<\/p> ","protected":false},"excerpt":{"rendered":"<p>El Medsur-Finestrat busca con urgencia una primera y bals\u00e1mica victoria recibiendo al X\u00e0tiva<\/p>\n","protected":false},"author":0,"featured_media":9761,"comment_status":"open","ping_status":"open","sticky":false,"template":"","format":"standard","meta":{"_acf_changed":false,"footnotes":""},"categories":[16],"tags":[],"class_list":["post-9760","post","type-post","status-publish","format-standard","has-post-thumbnail","hentry","category-deportes"],"acf":{"ser_id":"QRRIVMHTUVEKRFKGQD4LRZRSDI","ser_url":"https:\/\/cadenaser.com\/comunitat-valenciana\/2024\/10\/25\/el-voley-benidormense-corona-su-particular-tourmalet-en-almoradi-radio-benidorm\/"},"_links":{"self":[{"href":"https:\/\/serbenidorm.daliisolutions.com\/index.php\/wp-json\/wp\/v2\/posts\/9760","targetHints":{"allow":["GET"]}}],"collection":[{"href":"https:\/\/serbenidorm.daliisolutions.com\/index.php\/wp-json\/wp\/v2\/posts"}],"about":[{"href":"https:\/\/serbenidorm.daliisolutions.com\/index.php\/wp-json\/wp\/v2\/types\/post"}],"replies":[{"embeddable":true,"href":"https:\/\/serbenidorm.daliisolutions.com\/index.php\/wp-json\/wp\/v2\/comments?post=9760"}],"version-history":[{"count":0,"href":"https:\/\/serbenidorm.daliisolutions.com\/index.php\/wp-json\/wp\/v2\/posts\/9760\/revisions"}],"wp:featuredmedia":[{"embeddable":true,"href":"https:\/\/serbenidorm.daliisolutions.com\/index.php\/wp-json\/wp\/v2\/media\/9761"}],"wp:attachment":[{"href":"https:\/\/serbenidorm.daliisolutions.com\/index.php\/wp-json\/wp\/v2\/media?parent=9760"}],"wp:term":[{"taxonomy":"category","embeddable":true,"href":"https:\/\/serbenidorm.daliisolutions.com\/index.php\/wp-json\/wp\/v2\/categories?post=9760"},{"taxonomy":"post_tag","embeddable":true,"href":"https:\/\/serbenidorm.daliisolutions.com\/index.php\/wp-json\/wp\/v2\/tags?post=9760"}],"curies":[{"name":"wp","href":"https:\/\/api.w.org\/{rel}","templated":true}]}}