{"id":9762,"date":"2024-10-25T13:39:20","date_gmt":"2024-10-25T11:39:20","guid":{"rendered":"https:\/\/serbenidorm.daliisolutions.com\/index.php\/2024\/10\/25\/el-sporting-la-nucia-viaja-a-ibiza-obligado-a-ganar\/"},"modified":"2024-10-25T13:39:20","modified_gmt":"2024-10-25T11:39:20","slug":"el-sporting-la-nucia-viaja-a-ibiza-obligado-a-ganar","status":"publish","type":"post","link":"https:\/\/serbenidorm.daliisolutions.com\/index.php\/2024\/10\/25\/el-sporting-la-nucia-viaja-a-ibiza-obligado-a-ganar\/","title":{"rendered":"El Sporting La Nuc\u00eda viaja a Ibiza obligado a ganar"},"content":{"rendered":"  <p>Benidorm<\/p>   <p>El <a href=\"https:\/\/cadenaser.com\/tag\/sporting_futbol_sala_la_nucia\/a\/\" target=\"_blank\" rel=\"noopener\">Sporting La Nuc\u00eda<\/a> viaja este s\u00e1bado (18:00 horas) hasta la cancha del Ibiza para afrontar la sexta jornada de competici\u00f3n en la Segunda Divisi\u00f3n del f\u00fatbol sala nacional con la imperiosa necesidad de poner punto y final a la mala racha de resultados que han llevado a los rojillos a ocupar la \u00faltima posici\u00f3n de la clasificaci\u00f3n con s\u00f3lo dos puntos, una situaci\u00f3n absolutamente desconocida para los de \u2018Dada\u2019 tras esos dos ascensos consecutivos logrados en los a\u00f1os anteriores.<\/p>  <p><p>M\u00e1s informaci\u00f3n<\/p><figure><img loading=\"lazy\" decoding=\"async\" src=\"https:\/\/cadenaser.com\/resizer\/v2\/XAFVM5EFUJA6DCE6GNRSPU46UE.jpg?auth=5e0fc0b849949d3dd631f2c4c478bc2c333ac22251a1d932b51622061ca700ba&amp;quality=70&amp;width=360&amp;height=202&amp;smart=true\" width=\"820\" height=\"621\" \/><\/figure><ul><li><a href=\"https:\/\/cadenaser.com\/comunitat-valenciana\/2024\/09\/04\/todos-los-partidos-horarios-y-resultados-del-sporting-futbol-sala-la-nucia-radio-benidorm\/\"><span>Todos los partidos, horarios y resultados del Sporting F\u00fatbol Sala La Nuc\u00eda<\/span><\/a><\/li><\/ul><\/p>   <p>El choque en la isla ibicenca ser\u00e1, por lo tanto, un duelo de absoluta necesidad para los del Camilo Cano que todav\u00eda tienen que estrenar sus casillero de victorias <a href=\"https:\/\/cadenaser.com\/comunitat-valenciana\/2024\/09\/04\/todos-los-partidos-horarios-y-resultados-del-sporting-futbol-sala-la-nucia-radio-benidorm\/\" target=\"_blank\" rel=\"noopener\">tras haber acumulado dos empates y tres derrotas en lo que va de temporada<\/a>.<\/p>   <p>El Ibiza, por su parte, llega a esta sexta jornada situado en la octava posici\u00f3n de la clasificaci\u00f3n con siete puntos y dos partidos ganados, uno empatado y dos derrotas.<\/p> ","protected":false},"excerpt":{"rendered":"<p>Los del Camilo Cano ocupan la \u00faltima posici\u00f3n de la clasificaci\u00f3n<\/p>\n","protected":false},"author":0,"featured_media":9763,"comment_status":"open","ping_status":"open","sticky":false,"template":"","format":"standard","meta":{"_acf_changed":false,"footnotes":""},"categories":[16],"tags":[],"class_list":["post-9762","post","type-post","status-publish","format-standard","has-post-thumbnail","hentry","category-deportes"],"acf":{"ser_id":"DKBYHDQU25HV7AU3TW4364KA7U","ser_url":"https:\/\/cadenaser.com\/comunitat-valenciana\/2024\/10\/25\/el-sporting-la-nucia-viaja-a-ibiza-obligado-a-ganar-radio-benidorm\/"},"_links":{"self":[{"href":"https:\/\/serbenidorm.daliisolutions.com\/index.php\/wp-json\/wp\/v2\/posts\/9762","targetHints":{"allow":["GET"]}}],"collection":[{"href":"https:\/\/serbenidorm.daliisolutions.com\/index.php\/wp-json\/wp\/v2\/posts"}],"about":[{"href":"https:\/\/serbenidorm.daliisolutions.com\/index.php\/wp-json\/wp\/v2\/types\/post"}],"replies":[{"embeddable":true,"href":"https:\/\/serbenidorm.daliisolutions.com\/index.php\/wp-json\/wp\/v2\/comments?post=9762"}],"version-history":[{"count":0,"href":"https:\/\/serbenidorm.daliisolutions.com\/index.php\/wp-json\/wp\/v2\/posts\/9762\/revisions"}],"wp:featuredmedia":[{"embeddable":true,"href":"https:\/\/serbenidorm.daliisolutions.com\/index.php\/wp-json\/wp\/v2\/media\/9763"}],"wp:attachment":[{"href":"https:\/\/serbenidorm.daliisolutions.com\/index.php\/wp-json\/wp\/v2\/media?parent=9762"}],"wp:term":[{"taxonomy":"category","embeddable":true,"href":"https:\/\/serbenidorm.daliisolutions.com\/index.php\/wp-json\/wp\/v2\/categories?post=9762"},{"taxonomy":"post_tag","embeddable":true,"href":"https:\/\/serbenidorm.daliisolutions.com\/index.php\/wp-json\/wp\/v2\/tags?post=9762"}],"curies":[{"name":"wp","href":"https:\/\/api.w.org\/{rel}","templated":true}]}}