{"id":9764,"date":"2024-10-25T14:04:25","date_gmt":"2024-10-25T12:04:25","guid":{"rendered":"https:\/\/serbenidorm.daliisolutions.com\/index.php\/2024\/10\/25\/felipe-orts-quiere-sacudirse-la-mala-suerte-con-doble-cita-en-heerde-y-overijse\/"},"modified":"2024-10-25T14:04:25","modified_gmt":"2024-10-25T12:04:25","slug":"felipe-orts-quiere-sacudirse-la-mala-suerte-con-doble-cita-en-heerde-y-overijse","status":"publish","type":"post","link":"https:\/\/serbenidorm.daliisolutions.com\/index.php\/2024\/10\/25\/felipe-orts-quiere-sacudirse-la-mala-suerte-con-doble-cita-en-heerde-y-overijse\/","title":{"rendered":"Felipe Orts quiere sacudirse la mala suerte con doble cita en Heerde y Overijse"},"content":{"rendered":"  <p>Benidorm<\/p>   <p>La localidad belga de Overijse acoge este domingo la segunda cita puntuable para el Superprestigio de ciclocross y all\u00ed el vilero <a href=\"https:\/\/cadenaser.com\/tag\/felipe_orts_lloret\/a\/\">Felipe Orts<\/a>tratar\u00e1 de sacudirse la mala suerte que parece haberse cebado con \u00e9l en sus \u00faltimas apariciones y convertir en un nuevo puesto de honor <a href=\"https:\/\/cadenaser.com\/comunitat-valenciana\/2024\/10\/13\/felipe-orts-arranca-su-invierno-con-un-top10-en-beringen-radio-benidorm\/\">las buenas sensaciones que ha venido mostrando a lo largo de estas primeras carreras del invierno<\/a>. Un d\u00eda antes, en cualquier caso, tambi\u00e9n tomar\u00e1 la salida en el Exact Cross Heerderstrand que se disputa en la localidad neerlandesa de Heerde.<\/p>   <p>Si hace una semana, <a href=\"https:\/\/cadenaser.com\/comunitat-valenciana\/2024\/10\/20\/una-averia-trunca-un-espectacular-dia-de-felipe-orts-radio-benidorm\/\">en la cita inaugural del Superprestigio de Ruddervoorde Orts desllantaba su rueda trasera cuando viajaba en el grupo de cabeza<\/a> y transmitiendo grandes opciones de pelear por el podio en la recta final, este domingo la mala fortuna volv\u00eda a cebarse con el del Ridley Racing Team en la Nacht van Woerden (Pa\u00edses Bajos) con otra aver\u00eda cuando, una vez m\u00e1s, rodaba con los mejores.<\/p>  <p><p>M\u00e1s informaci\u00f3n<\/p><figure><img loading=\"lazy\" decoding=\"async\" src=\"https:\/\/cadenaser.com\/resizer\/v2\/JG7JZDC7ZFDR3I4VLA2BFQBJ44.jpg?auth=4ae789210bb63555cb9534be18ba18e8501327a9624938a7ad55469376a0f573&amp;quality=70&amp;width=360&amp;height=202&amp;smart=true\" width=\"820\" height=\"621\" \/><\/figure><ul><li><a href=\"https:\/\/cadenaser.com\/tag\/felipe_orts_lloret\/a\/\"><span>Todas las noticias de Felipe Orts<\/span><\/a><\/li><\/ul><\/p>   <p>Para Felipe Orts esta ser\u00e1 su cuarta participaci\u00f3n en Overijse, una carrera en la que no ha sido un habitual ya que, mientras milit\u00f3 en estructuras nacionales (primero, Burgos-BH y ya el a\u00f1o pasado, su propio La Vila Joiosa-N\u00e9teo), siempre prefiri\u00f3 centrarse en el calendario nacional en esta semana previa a la disputa del Campeonato de Europa.<\/p>   <p>En cualquier caso, en las tres ocasiones en las que s\u00ed estuvo en el municipio de Brabante, Orts no ha conseguido brillar y su mejor puesto fue, de hecho, el 18\u00ba lugar de 2022, hace ahora dos a\u00f1os.<\/p>   <p>En Heerde, que el a\u00f1o pasado celebr\u00f3 su primera edici\u00f3n, Felipe Orts no ha tomado la salida nunca.<\/p>   <p>     .c-w{         max-width:444px;         width:100%;         margin:32px auto;      background:#00755E;         border-radius:4px;         display:flex;         align-items:center;         justify-content:center;     }     .c-w a{         display:flex;         align-items:center;         justify-content:center;         padding:4px 24px;     }     .c-w img{         width:24px;         margin-right:12px;     }     .c-w p{         font:18px\/25px Poppins;         text-align:center;         color:#fff;         margin:0;     }     @media (max-width:444px){         .c-w a{             padding:4px 12px;         }         .c-w img{             width:24px;             margin-right:8px;         }         .c-w p{             font:14px\/25px Poppins;         }     }     @media (max-width:335px){         .c-w p{             font:13px\/25px Poppins;         }     }  <div class=\"c-w\">     <a href=\"https:\/\/www.whatsapp.com\/channel\/0029Va633PF9WtC4l7XUzh1e\" target=\"_blank\" rel=\"noopener\">         <img decoding=\"async\" src=\"https:\/\/cadenaser.com\/estaticos\/recursosgraficos\/responsive\/img\/ico-whatsapp.svg\" alt=\"Whatsapp\">         <p>\u00danete al <b>canal de WhatsApp<\/b> de la SER<\/p>     <\/a> <\/div><\/p> ","protected":false},"excerpt":{"rendered":"<p>Las aver\u00edas han arruinado las buenas carreras del vilero en Ruddervoorde y Woerden<\/p>\n","protected":false},"author":0,"featured_media":9765,"comment_status":"open","ping_status":"open","sticky":false,"template":"","format":"standard","meta":{"_acf_changed":false,"footnotes":""},"categories":[16],"tags":[],"class_list":["post-9764","post","type-post","status-publish","format-standard","has-post-thumbnail","hentry","category-deportes"],"acf":{"ser_id":"2BOOBUEMRNEG7GKJ5MXE2D6ORU","ser_url":"https:\/\/cadenaser.com\/comunitat-valenciana\/2024\/10\/25\/felipe-orts-quiere-sacudirse-la-mala-suerte-con-doble-cita-en-heerde-y-overijse-radio-benidorm\/"},"_links":{"self":[{"href":"https:\/\/serbenidorm.daliisolutions.com\/index.php\/wp-json\/wp\/v2\/posts\/9764","targetHints":{"allow":["GET"]}}],"collection":[{"href":"https:\/\/serbenidorm.daliisolutions.com\/index.php\/wp-json\/wp\/v2\/posts"}],"about":[{"href":"https:\/\/serbenidorm.daliisolutions.com\/index.php\/wp-json\/wp\/v2\/types\/post"}],"replies":[{"embeddable":true,"href":"https:\/\/serbenidorm.daliisolutions.com\/index.php\/wp-json\/wp\/v2\/comments?post=9764"}],"version-history":[{"count":0,"href":"https:\/\/serbenidorm.daliisolutions.com\/index.php\/wp-json\/wp\/v2\/posts\/9764\/revisions"}],"wp:featuredmedia":[{"embeddable":true,"href":"https:\/\/serbenidorm.daliisolutions.com\/index.php\/wp-json\/wp\/v2\/media\/9765"}],"wp:attachment":[{"href":"https:\/\/serbenidorm.daliisolutions.com\/index.php\/wp-json\/wp\/v2\/media?parent=9764"}],"wp:term":[{"taxonomy":"category","embeddable":true,"href":"https:\/\/serbenidorm.daliisolutions.com\/index.php\/wp-json\/wp\/v2\/categories?post=9764"},{"taxonomy":"post_tag","embeddable":true,"href":"https:\/\/serbenidorm.daliisolutions.com\/index.php\/wp-json\/wp\/v2\/tags?post=9764"}],"curies":[{"name":"wp","href":"https:\/\/api.w.org\/{rel}","templated":true}]}}