{"id":977,"date":"2023-12-29T12:24:09","date_gmt":"2023-12-29T11:24:09","guid":{"rendered":"https:\/\/serbenidorm.daliisolutions.com\/index.php\/2023\/12\/29\/benidorm-rescinde-el-contrato-a-la-empresa-de-la-zona-azul-y-le-incauta-la-fianza-por-incumplimientos\/"},"modified":"2024-01-02T10:30:31","modified_gmt":"2024-01-02T09:30:31","slug":"benidorm-rescinde-el-contrato-a-la-empresa-de-la-zona-azul-y-le-incauta-la-fianza-por-incumplimientos","status":"publish","type":"post","link":"https:\/\/serbenidorm.daliisolutions.com\/index.php\/2023\/12\/29\/benidorm-rescinde-el-contrato-a-la-empresa-de-la-zona-azul-y-le-incauta-la-fianza-por-incumplimientos\/","title":{"rendered":"Benidorm rescinde el contrato a la empresa de la zona azul y le incauta la fianza por incumplimientos"},"content":{"rendered":"  <p>Benidorm<\/p>   <p>El Ayuntamiento de Benidorm ha aprobado hoy la<a href=\"https:\/\/cadenaser.com\/comunitat-valenciana\/2023\/09\/20\/benidorm-se-librara-del-contrato-de-la-zona-azul-y-la-grua-por-los-incumplimientos-de-la-empresa-radio-benidorm\/\" target=\"_blank\" rel=\"noopener\"> retirada de la concesi\u00f3n a la empresa adjudicataria del servicio de la gr\u00faa y aparcamiento regulado en via p\u00fablica <\/a>por incumplimientos del pliego de condiciones. En sesi\u00f3n ordinaria el pleno municipal ha dado luz verde a la rescisi\u00f3n del contrato por mayor\u00eda con 18 votos a favor de PP y Vox y la abstenci\u00f3n de los 7 ediles socialistas.<\/p>   <p>Adem\u00e1s de resolver el contrato de gesti\u00f3n de la zona azul y la ORA, la Corporaci\u00f3n tambi\u00e9n ha acordado incautar a la empresa la fianza del contrato. Todo ello en base a informes t\u00e9cnicos que acreditan los incumplimientos por parte de la empresa y que han sido respaldados por el Consell Juridic Consultiu. De los siete incumplimientos graves detectados, seg\u00fan los t\u00e9cnicos, cinco de ellos son \u201ccausa inmediata de resoluci\u00f3n del contrato\u201d.<\/p>   <p>A partir de ahora el Ayuntamiento deber\u00e1 iniciar los tramites para licitar un nuevo contrato periodo durante el cual la actual empresa \u201cdeber\u00e1 garantizar la prestaci\u00f3n del servicio hasta que haya nueva concesionaria\u201d tal y como ha explicado durante la sesi\u00f3n plenaria el edil de Movilidad Francis Mu\u00f1oz.<\/p>   <p>Asimismo el gobierno ha instado a la empresa a que \u201ccese el cobro de las cantidades indebidamente devengadas\u201d para \u201cno ocasionar mas perjuicios a los usuarios\u201d y por \u201crazones de inter\u00e9s p\u00fablico\u201d. Todo ello en referencia a los gastos de gesti\u00f3n que a\u00f1ade a la tarifa de la zona azul <a href=\"https:\/\/cadenaser.com\/comunitat-valenciana\/2023\/01\/26\/las-alternativas-para-no-pagar-los-nuevos-gastos-de-gestion-en-la-zona-azul-de-benidorm-radio-benidorm\/\" target=\"_blank\" rel=\"noopener\">cuando el usuario utiliza la aplicaci\u00f3n m\u00f3vil <\/a>y que suman hasta diez c\u00e9ntimos de euros por cada euro abonado.<\/p>   <p>Esos gastos de gesti\u00f3n cobrados a trav\u00e9s de la app son uno de los siete incumplimientos muy graves cometidos por la empresa y acreditados por el Ayuntamiento. Tambi\u00e9n no comunicar la recaudaci\u00f3n adicional de supuestos gastos de gesti\u00f3n no aprobados; la reducci\u00f3n del personal adscrito al contrato sin autorizaci\u00f3n municipal; el cese de la asistencia t\u00e9cnica; la inexistencia de una oficina abierta al p\u00fablico en una v\u00eda con estacionamiento regulado; contar con un cajero autom\u00e1tico que no expende dinero; y, por \u00faltimo, no disponer de materiales y equipos de oficina.<\/p>   <p>Denuncias sindicales<\/p>   <p>Por otra parte el Sindicato Profesional de Polic\u00edas Locales y Bomberos de Benidorm (SPPLB), sindicato mayoritario en el Ayuntamiento, ha denunciado \u201cgraves incumplimientos en las condiciones laborales de los trabajadores de la concesionaria\u201d.<\/p>   <p>Seg\u00fan el escrito remitido a la propia empresa por parte del SPPLB, se ha detectado que en el cuadrante de los trabajadores existe \u201cuna modificaci\u00f3n sustancial de las condiciones de trabajo al no respetarse la jornada semanal y anual de trabajo\u201d. Un cuadrante donde, aseguran, tampoco se especifica la compensaci\u00f3n de horas trabajadas anuales, as\u00ed como los periodos de descanso y las libranzas en fin de semana.<\/p>   <p>Otros acuerdos plenarios<\/p>   <p>El pleno ordinario de diciembre tambi\u00e9n ha aprobado, por unanimidad, iniciar el expediente de revisi\u00f3n de oficio del acuerdo plenario por el que se aprob\u00f3 la pr\u00f3rroga del contrato de gesti\u00f3n del aparcamiento subterr\u00e1neo de l\u2019Aig\u00fcera. Una pr\u00f3rroga en la que la Agencia Valenciana Antifraude apreciaba \u201cindicios de presunto fraude de ley\u201d y de la que ha dado traslado al Tribunal de Cuentas. Una vez abierto el expediente, el siguiente paso es dar audiencia a la empresa y solicitar dictamen al Consell Jur\u00eddic Consultiu.<\/p>   <p>Tambi\u00e9n se ha acordado autorizar la pr\u00f3rroga del contrato de gesti\u00f3n de las playas de Benidorm por un a\u00f1o m\u00e1s, hasta enero de 2025 y se ha dado por<a href=\"https:\/\/cadenaser.com\/comunitat-valenciana\/2023\/10\/30\/benidorm-aprueba-por-urgencia-una-subida-del-ibi-del-24-para-2024-radio-benidorm\/\" target=\"_blank\" rel=\"noopener\"> aprobada de forma definitiva las subidas del IBI en un 23% <\/a>y de la<a href=\"https:\/\/cadenaser.com\/comunitat-valenciana\/2023\/12\/14\/328-millones-de-euros-y-15-anos-las-nuevas-condiciones-del-contrato-de-la-basura-de-benidorm-enfrentan-a-pp-y-psoe-radio-benidorm\/\" target=\"_blank\" rel=\"noopener\"> tasa de la Basura<\/a> en <a href=\"https:\/\/cadenaser.com\/comunitat-valenciana\/2023\/10\/25\/benidorm-sube-la-tasa-de-basura-un-70-radio-benidorm\/\" target=\"_blank\" rel=\"noopener\">m\u00e1s de un 70%<\/a> tras <a href=\"https:\/\/cadenaser.com\/comunitat-valenciana\/2023\/11\/02\/ciudadanos-de-benidorm-inician-una-campana-de-recogida-de-firmas-contra-la-subida-de-la-basura-y-el-ibi-radio-benidorm\/\" target=\"_blank\" rel=\"noopener\">desestimar las m\u00e1s de 600 alegaciones presentadas por vecinos. <\/a><\/p> ","protected":false},"excerpt":{"rendered":"<p>El pleno tambi\u00e9n aprueba revisar la prorroga del parking de L&#8217;Aig\u00fcera sobre la que Antifraude detect\u00f3 \u00abindicios de presunto fraude de ley\u00bb<\/p>\n","protected":false},"author":1,"featured_media":978,"comment_status":"open","ping_status":"open","sticky":false,"template":"","format":"standard","meta":{"_acf_changed":false,"footnotes":""},"categories":[1],"tags":[],"class_list":["post-977","post","type-post","status-publish","format-standard","has-post-thumbnail","hentry","category-sin-categoria"],"acf":{"ser_id":"KYMCEHM2RBFXZPTEDUNDKOZ7SY","ser_url":"https:\/\/cadenaser.com\/comunitat-valenciana\/2023\/12\/29\/benidorm-rescinde-el-contrato-a-la-empresa-de-la-zona-azul-y-le-incauta-la-fianza-por-incumplimientos-radio-benidorm\/"},"_links":{"self":[{"href":"https:\/\/serbenidorm.daliisolutions.com\/index.php\/wp-json\/wp\/v2\/posts\/977","targetHints":{"allow":["GET"]}}],"collection":[{"href":"https:\/\/serbenidorm.daliisolutions.com\/index.php\/wp-json\/wp\/v2\/posts"}],"about":[{"href":"https:\/\/serbenidorm.daliisolutions.com\/index.php\/wp-json\/wp\/v2\/types\/post"}],"author":[{"embeddable":true,"href":"https:\/\/serbenidorm.daliisolutions.com\/index.php\/wp-json\/wp\/v2\/users\/1"}],"replies":[{"embeddable":true,"href":"https:\/\/serbenidorm.daliisolutions.com\/index.php\/wp-json\/wp\/v2\/comments?post=977"}],"version-history":[{"count":1,"href":"https:\/\/serbenidorm.daliisolutions.com\/index.php\/wp-json\/wp\/v2\/posts\/977\/revisions"}],"predecessor-version":[{"id":1049,"href":"https:\/\/serbenidorm.daliisolutions.com\/index.php\/wp-json\/wp\/v2\/posts\/977\/revisions\/1049"}],"wp:featuredmedia":[{"embeddable":true,"href":"https:\/\/serbenidorm.daliisolutions.com\/index.php\/wp-json\/wp\/v2\/media\/978"}],"wp:attachment":[{"href":"https:\/\/serbenidorm.daliisolutions.com\/index.php\/wp-json\/wp\/v2\/media?parent=977"}],"wp:term":[{"taxonomy":"category","embeddable":true,"href":"https:\/\/serbenidorm.daliisolutions.com\/index.php\/wp-json\/wp\/v2\/categories?post=977"},{"taxonomy":"post_tag","embeddable":true,"href":"https:\/\/serbenidorm.daliisolutions.com\/index.php\/wp-json\/wp\/v2\/tags?post=977"}],"curies":[{"name":"wp","href":"https:\/\/api.w.org\/{rel}","templated":true}]}}