{"id":9775,"date":"2024-10-25T14:32:57","date_gmt":"2024-10-25T12:32:57","guid":{"rendered":"https:\/\/serbenidorm.daliisolutions.com\/index.php\/2024\/10\/25\/ortuno-gracias-a-la-ia-sabemos-que-suben-las-reservas-a-benidorm-cuando-hace-mal-tiempo-en-el-pais-emisor\/"},"modified":"2024-10-25T14:32:57","modified_gmt":"2024-10-25T12:32:57","slug":"ortuno-gracias-a-la-ia-sabemos-que-suben-las-reservas-a-benidorm-cuando-hace-mal-tiempo-en-el-pais-emisor","status":"publish","type":"post","link":"https:\/\/serbenidorm.daliisolutions.com\/index.php\/2024\/10\/25\/ortuno-gracias-a-la-ia-sabemos-que-suben-las-reservas-a-benidorm-cuando-hace-mal-tiempo-en-el-pais-emisor\/","title":{"rendered":"Ortu\u00f1o: \u201cGracias a la IA sabemos que suben las reservas a Benidorm cuando hace mal tiempo en el pa\u00eds emisor\u201d"},"content":{"rendered":"  <p>Benidorm<\/p>   <p>Benidorm se preparara para acoger, el pr\u00f3ximo 30 de octubre, su XXII Foro Internacional de Turismo que en esta ocasi\u00f3n abordar\u00e1 los usos y posibilidades que ofrece la Inteligencia Artificial desde el punto de vista tur\u00edstico.<\/p>   <p>En <a href=\"https:\/\/radiobenidorm.es\" rel=\"nofollow noopener\" target=\"_blank\">Hoy por Hoy Benidorm<\/a>, Armando Ortu\u00f1o, Director de la C\u00e1tedra de Estudios Tur\u00edsticos \u201cPedro Zaragoza\u201d de la Universidad de Alicante y organizador del foro, ha considerado la IA como \u201cfundamental\u201d para el sector tur\u00edstico porque permite, por un lado tratar y analizar un gran volumen de datos, librar al humano de tareas mec\u00e1nicas y tediosas para que pueda dedicarse a trabajos m\u00e1s especializados y, por otro, anticiparse a las tendencias para optimizar la toma de decisiones estrat\u00e9gicas. \u201cGracias a esta inteligencia hemos detectado casos curiosos en el caso de las campa\u00f1as de promoci\u00f3n. Resulta que los mayores picos de demanda para venir a Benidorm y la Costa Blanca se producen cuando hace mal tiempo en los pa\u00edses de origen, independientemente del tiempo que haga aqu\u00ed. Resulta que, cuando hace mal tiempo en el pa\u00eds emisor, es cuando, psicol\u00f3gicamente,  a la persona m\u00e1s le apetece ir a otros destinos y es cuando aumentan m\u00e1s las reservas\u201d, explica.<\/p>   <p>Adem\u00e1s Ortu\u00f1o asegura que <a href=\"https:\/\/cadenaser.com\/comunitat-valenciana\/2023\/11\/16\/el-foro-inteligencia-turistica-analiza-en-benidorm-el-uso-de-los-datos-para-favorecer-la-sostenibilidad-del-destino-radio-benidorm\/\" target=\"_blank\" rel=\"noopener\">la IA aplicada al turismo<\/a>, en el caso de Benidorm y gracias a todo el Bigdata disponible,  permite  conocer c\u00f3mo se mueven las personas por barrios y \u201cahora sabemos cu\u00e1ndo vienen, c\u00f3mo vienen y a qu\u00e9 hora. Antes ten\u00edamos que utilizar encuestas que ten\u00edan sesgos o no estimaban bien cu\u00e1les eran los movimientos\u201d.<\/p>   <p>Asimismo tambi\u00e9n ha a\u00f1adido que la IA tiene un componente esencial en materia de sostenibilidad. \u201cDesde el punto de vista de la capacidad de carga,  podemos determinar cu\u00e1ntos turistas, de qu\u00e9 tipo y qu\u00e9 perfil, puede acoger un destino para que sea compatible esa actividad con el funcionamiento normal de la ciudad, con los servicios y con los residentes. De esta forma <a href=\"https:\/\/cadenaser.com\/comunitat-valenciana\/2024\/01\/23\/los-hubs-de-innovacion-de-hidraqua-en-la-comunitat-valenciana-presentan-en-fitur-sus-modelos-de-gestion-para-un-turismo-sostenible-radio-benidorm\/\" target=\"_blank\" rel=\"noopener\">podemos anticiparnos a las demandas de servicios p\u00fablicos, agua, energ\u00eda, residuos o movilidad<\/a> y hacer una buena planificaci\u00f3n\u201d, indica Ortu\u00f1o.<\/p>   <p>El Foro Internacional de Turismo tambi\u00e9n abordar\u00e1 c\u00f3mo establecer un manual de buenas pr\u00e1cticas y demostraciones pr\u00e1cticas de empresas patrocinadoras. Asimismo incluye el Concurso IA de aplicaci\u00f3n practica de herramientas de inteligencia artificial con la creaci\u00f3n de un v\u00eddeo promocional de la Costa Blanca o Benidorm para estudiantes y entidades y empresas.<\/p>   <p>     .c-w{         max-width:444px;         width:100%;         margin:32px auto;      background:#00755E;         border-radius:4px;         display:flex;         align-items:center;         justify-content:center;     }     .c-w a{         display:flex;         align-items:center;         justify-content:center;         padding:4px 24px;     }     .c-w img{         width:24px;         margin-right:12px;     }     .c-w p{         font:18px\/25px Poppins;         text-align:center;         color:#fff;         margin:0;     }     @media (max-width:444px){         .c-w a{             padding:4px 12px;         }         .c-w img{             width:24px;             margin-right:8px;         }         .c-w p{             font:14px\/25px Poppins;         }     }     @media (max-width:335px){         .c-w p{             font:13px\/25px Poppins;         }     }  <div class=\"c-w\">     <a href=\"https:\/\/www.whatsapp.com\/channel\/0029Va633PF9WtC4l7XUzh1e\" target=\"_blank\" rel=\"noopener\">         <img decoding=\"async\" src=\"https:\/\/cadenaser.com\/estaticos\/recursosgraficos\/responsive\/img\/ico-whatsapp.svg\" alt=\"Whatsapp\">         <p>\u00danete al <b>canal de WhatsApp<\/b> de la SER<\/p>     <\/a> <\/div><\/p>   <p>Este foro se ha desarrollado, desde sus inicios en 1995, con car\u00e1cter bianual y ha abordado diferentes tem\u00e1ticas clave para la planificaci\u00f3n y gesti\u00f3n de los destinos y empresas tur\u00edsticas de la Comunidad Valenciana. Desde hace unos a\u00f1os el foro permite participar tanto en modalidad telem\u00e1tica y presencial.<\/p> ","protected":false},"excerpt":{"rendered":"<p>El XXII Foro Internacional del Turismo se celebra el 30 de octubre con el tema \u201cIA Horizons, turismo del futuro\u201d<\/p>\n","protected":false},"author":0,"featured_media":9776,"comment_status":"open","ping_status":"open","sticky":false,"template":"","format":"standard","meta":{"_acf_changed":false,"footnotes":""},"categories":[1],"tags":[],"class_list":["post-9775","post","type-post","status-publish","format-standard","has-post-thumbnail","hentry","category-sin-categoria"],"acf":{"ser_id":"O355J4F3XFHQFN7SU24SMPTKME","ser_url":"https:\/\/cadenaser.com\/comunitat-valenciana\/2024\/10\/25\/ortuno-gracias-a-la-ia-sabemos-que-suben-las-reservas-a-benidorm-cuando-hace-mal-tiempo-en-el-pais-emisor-radio-benidorm\/"},"_links":{"self":[{"href":"https:\/\/serbenidorm.daliisolutions.com\/index.php\/wp-json\/wp\/v2\/posts\/9775","targetHints":{"allow":["GET"]}}],"collection":[{"href":"https:\/\/serbenidorm.daliisolutions.com\/index.php\/wp-json\/wp\/v2\/posts"}],"about":[{"href":"https:\/\/serbenidorm.daliisolutions.com\/index.php\/wp-json\/wp\/v2\/types\/post"}],"replies":[{"embeddable":true,"href":"https:\/\/serbenidorm.daliisolutions.com\/index.php\/wp-json\/wp\/v2\/comments?post=9775"}],"version-history":[{"count":0,"href":"https:\/\/serbenidorm.daliisolutions.com\/index.php\/wp-json\/wp\/v2\/posts\/9775\/revisions"}],"wp:featuredmedia":[{"embeddable":true,"href":"https:\/\/serbenidorm.daliisolutions.com\/index.php\/wp-json\/wp\/v2\/media\/9776"}],"wp:attachment":[{"href":"https:\/\/serbenidorm.daliisolutions.com\/index.php\/wp-json\/wp\/v2\/media?parent=9775"}],"wp:term":[{"taxonomy":"category","embeddable":true,"href":"https:\/\/serbenidorm.daliisolutions.com\/index.php\/wp-json\/wp\/v2\/categories?post=9775"},{"taxonomy":"post_tag","embeddable":true,"href":"https:\/\/serbenidorm.daliisolutions.com\/index.php\/wp-json\/wp\/v2\/tags?post=9775"}],"curies":[{"name":"wp","href":"https:\/\/api.w.org\/{rel}","templated":true}]}}