{"id":9777,"date":"2024-10-25T14:43:47","date_gmt":"2024-10-25T12:43:47","guid":{"rendered":"https:\/\/serbenidorm.daliisolutions.com\/index.php\/2024\/10\/25\/benidorm-se-prepara-para-su-xi-feria-outlet-con-descuentos-de-mas-del-50-del-25-al-27-de-octubre\/"},"modified":"2024-10-25T14:43:47","modified_gmt":"2024-10-25T12:43:47","slug":"benidorm-se-prepara-para-su-xi-feria-outlet-con-descuentos-de-mas-del-50-del-25-al-27-de-octubre","status":"publish","type":"post","link":"https:\/\/serbenidorm.daliisolutions.com\/index.php\/2024\/10\/25\/benidorm-se-prepara-para-su-xi-feria-outlet-con-descuentos-de-mas-del-50-del-25-al-27-de-octubre\/","title":{"rendered":"Benidorm se prepara para su XI Feria Outlet con descuentos de m\u00e1s del 50% del 25 al 27 de octubre"},"content":{"rendered":"  <p>Benidorm<\/p>   <p>Diecisiete comercios locales han confirmado ya su participaci\u00f3n en la und\u00e9cima edici\u00f3n de la Feria Outlet que se celebrar\u00e1 en la Plaza de SS.MM. los  Reyes de Espa\u00f1a de Benidorm este pr\u00f3ximo fin de semana.<\/p>   <p>La explanada del Ayuntamiento se convertir\u00e1 durante tres d\u00edas en punto de encuentro de los ciudadanos que quieran renovar vestuario o cambiar electrodom\u00e9sticos a precios de ganga. Descuentos como m\u00ednimo del 50% hacia arriba ofrecer\u00e1n en sus productos los comercios adheridos que aprovechan tambi\u00e9n para librarse del stock sobrante de la temporada.<\/p>   <p>Los comercios participantes se distribuir\u00e1n en 28 carpas para exponer productos que abarcan un amplio abanico comercial: desde moda o zapater\u00eda a art\u00edculos deportivos, electrodom\u00e9sticos, textil u hogar. Adem\u00e1s, habr\u00e1 zona de hinchables infantiles y un bar, que este a\u00f1o va a gestionar la Asociaci\u00f3n de Bares y Restaurantes, ABRECA.<\/p>   <p>La feria la organiza la Asociaci\u00f3n Independiente de Comerciantes de Benidorm (AICO) con la colaboraci\u00f3n de la Concejal\u00eda de Comercio. \u201cEsperamos que vengan a la feria no solo vecinos de Benidorm sino de toda la comarca. Es una cita muy concurrida que, adem\u00e1s, sirve para que los visitantes aprovechen la visita para, adem\u00e1s de comprar a precios muy competitivos, pasar un buen d\u00eda en nuestra ciudad, porque muchos de ellos luego se quedan a comer y a pasear por nuestras arterias comerciales\u201d, ha explicado en <a href=\"https:\/\/radiobenidorm.es\" rel=\"nofollow noopener\" target=\"_blank\">Radio Benidorm<\/a> el edil de Comercio, Javier Jord\u00e1.<\/p>   <p>El presidente de AICO, Ra\u00fal Parra, ha indicado en <a href=\"https:\/\/radiobenidorm.es\" rel=\"nofollow noopener\" target=\"_blank\">Hoy por Hoy Benidorm <\/a>que esta feria tambi\u00e9n  sirve para que potenciales clientes puedan conocer parte de la amplia oferta comercial que tenemos en nuestra ciudad\u201d con el fin de poder volver  a hacer sus compras en cualquier momento del a\u00f1o. \u201cEl objetivo es poder vaciar nuestros almacenes de cara a la temporada de invierno y, adem\u00e1s, en una \u00e9poca en la que hay poca actividad comercial debido a la cercan\u00eda de otras campa\u00f1as con importantes descuentos, como el \u2018Black Friday\u2019\u201d, ha a\u00f1adido.<\/p>   <p>     .c-w{         max-width:444px;         width:100%;         margin:32px auto;      background:#00755E;         border-radius:4px;         display:flex;         align-items:center;         justify-content:center;     }     .c-w a{         display:flex;         align-items:center;         justify-content:center;         padding:4px 24px;     }     .c-w img{         width:24px;         margin-right:12px;     }     .c-w p{         font:18px\/25px Poppins;         text-align:center;         color:#fff;         margin:0;     }     @media (max-width:444px){         .c-w a{             padding:4px 12px;         }         .c-w img{             width:24px;             margin-right:8px;         }         .c-w p{             font:14px\/25px Poppins;         }     }     @media (max-width:335px){         .c-w p{             font:13px\/25px Poppins;         }     }  <div class=\"c-w\">     <a href=\"https:\/\/www.whatsapp.com\/channel\/0029Va633PF9WtC4l7XUzh1e\" target=\"_blank\" rel=\"noopener\">         <img decoding=\"async\" src=\"https:\/\/cadenaser.com\/estaticos\/recursosgraficos\/responsive\/img\/ico-whatsapp.svg\" alt=\"Whatsapp\">         <p>\u00danete al <b>canal de WhatsApp<\/b> de la SER<\/p>     <\/a> <\/div><\/p>   <p>Asimismo, AICO sortear\u00e1 entre todos los compradores tres vales de compra en establecimientos locales por un valor total de 850 euros. Porcada compra superior a 20 euros los clientes obtendr\u00e1n un cup\u00f3n para participar en este sorteo, en el que se sortear\u00e1n un vale de 550 euros y otros dos vales de 150 euros cada uno.<\/p> ","protected":false},"excerpt":{"rendered":"<p>La explanada del Ayuntamiento acoger\u00e1 esta feria que tambi\u00e9n tendr\u00e1 hinchables infantiles y servicio de bar <\/p>\n","protected":false},"author":0,"featured_media":9778,"comment_status":"open","ping_status":"open","sticky":false,"template":"","format":"standard","meta":{"_acf_changed":false,"footnotes":""},"categories":[1],"tags":[],"class_list":["post-9777","post","type-post","status-publish","format-standard","has-post-thumbnail","hentry","category-sin-categoria"],"acf":{"ser_id":"N2APL3YYKZHJFFUCWWQYFBPIEU","ser_url":"https:\/\/cadenaser.com\/comunitat-valenciana\/2024\/10\/24\/benidorm-se-prepara-para-su-xi-feria-outlet-con-descuentos-de-mas-del-50-del-25-al-27-de-octubre-radio-benidorm\/"},"_links":{"self":[{"href":"https:\/\/serbenidorm.daliisolutions.com\/index.php\/wp-json\/wp\/v2\/posts\/9777","targetHints":{"allow":["GET"]}}],"collection":[{"href":"https:\/\/serbenidorm.daliisolutions.com\/index.php\/wp-json\/wp\/v2\/posts"}],"about":[{"href":"https:\/\/serbenidorm.daliisolutions.com\/index.php\/wp-json\/wp\/v2\/types\/post"}],"replies":[{"embeddable":true,"href":"https:\/\/serbenidorm.daliisolutions.com\/index.php\/wp-json\/wp\/v2\/comments?post=9777"}],"version-history":[{"count":0,"href":"https:\/\/serbenidorm.daliisolutions.com\/index.php\/wp-json\/wp\/v2\/posts\/9777\/revisions"}],"wp:featuredmedia":[{"embeddable":true,"href":"https:\/\/serbenidorm.daliisolutions.com\/index.php\/wp-json\/wp\/v2\/media\/9778"}],"wp:attachment":[{"href":"https:\/\/serbenidorm.daliisolutions.com\/index.php\/wp-json\/wp\/v2\/media?parent=9777"}],"wp:term":[{"taxonomy":"category","embeddable":true,"href":"https:\/\/serbenidorm.daliisolutions.com\/index.php\/wp-json\/wp\/v2\/categories?post=9777"},{"taxonomy":"post_tag","embeddable":true,"href":"https:\/\/serbenidorm.daliisolutions.com\/index.php\/wp-json\/wp\/v2\/tags?post=9777"}],"curies":[{"name":"wp","href":"https:\/\/api.w.org\/{rel}","templated":true}]}}