{"id":9796,"date":"2024-10-26T08:31:07","date_gmt":"2024-10-26T06:31:07","guid":{"rendered":"https:\/\/serbenidorm.daliisolutions.com\/index.php\/2024\/10\/26\/todo-preparado-en-benidorm-para-el-dia-de-les-penyes\/"},"modified":"2024-10-26T08:31:07","modified_gmt":"2024-10-26T06:31:07","slug":"todo-preparado-en-benidorm-para-el-dia-de-les-penyes","status":"publish","type":"post","link":"https:\/\/serbenidorm.daliisolutions.com\/index.php\/2024\/10\/26\/todo-preparado-en-benidorm-para-el-dia-de-les-penyes\/","title":{"rendered":"Todo preparado en Benidorm para el D\u00eda de les Penyes"},"content":{"rendered":"  <p>Benidorm<\/p>   <p>Comienza la cuenta atr\u00e1s para las Festes Majors Patronals de Benidorm. La ciudad celebra este s\u00e1bado, 26 de octubre, uno de los actos m\u00e1s multitudinarios previos los d\u00edas grandes, del 9 al 13 de noviembre, que no es otro que el &#8216;D\u00eda de les Penyes&#8217;.<\/p>   <p>Organizado por la Associaci\u00f3 de Penyes \u2018Verge del Sofratge\u2019, que nos ha acompa\u00f1ado este viernes en La Ventana de la Marina Baixa, el momento principal de la jornada ser\u00e1 un a\u00f1o m\u00e1s el concurso de plabacks. Un certamen humor\u00edstico y musical que en esta edici\u00f3n <a href=\"https:\/\/cadenaser.com\/tag\/benidorm\/a\/\" target=\"_blank\" rel=\"noopener\">contar\u00e1 con la participaci\u00f3n de trece pe\u00f1as y comenzar\u00e1 a partir de las 19.30 horas en categor\u00eda Infantil y a partir de las 21.30 horas en la modalidad de adultos<\/a>. <\/p>  <p><p>M\u00e1s informaci\u00f3n<\/p><figure><img loading=\"lazy\" decoding=\"async\" src=\"https:\/\/cadenaser.com\/resizer\/v2\/HVEOOKJM2NBBLHHNMN5P3UYKVA.jpeg?auth=5d0a19f82ed799da859d39676418cf513ed68ded5db485ec841f37df47d85bda&amp;quality=70&amp;width=360&amp;height=202&amp;smart=true\" width=\"820\" height=\"621\" \/><\/figure><ul><li><a href=\"https:\/\/cadenaser.com\/comunitat-valenciana\/2024\/10\/17\/las-festes-majors-patronals-2024-de-benidorm-ya-tienen-pregonero-radio-benidorm\/\"><span>Las Festes Majors Patronals 2024 de Benidorm ya tienen pregonero<\/span><\/a><\/li><\/ul><\/p>   <p>Las reinas mayor e infantil de las Festes Majors Patronals 2024, Valentina Almod\u00f3bar Climent y Laia Zamora Pic\u00f3, respectivamente, actuar\u00e1n, cada una en su categor\u00eda, junto a sus cortes de honor, pero lo har\u00e1n fuera de concurso.<\/p>   <p>Programa completo<\/p>   <p>El programa de actos del &#8216;D\u00eda de les Penyes&#8217; arrancar\u00e1 a las 8.30 horas con un desayuno pe\u00f1ista, tras el cual los festeros participar\u00e1n en un pasacalles hasta la iglesia de Sant Jaume y Santa Anna, donde se oficiar\u00e1 una misa dedicada a la patrona de Benidorm, la Virgen del Sufragio. <\/p>   <p>Tras la eucarist\u00eda, los pe\u00f1istas participar\u00e1n en la tradicional Gymkana, mientras que la comitiva oficial se dirigir\u00e1 en pasacalles hasta el Auditorio Julio Iglesias del Parque de l\u2019Aig\u00fcera, donde a partir de las 11.30 horas habr\u00e1 animaci\u00f3n y castillos hinchables para los m\u00e1s peque\u00f1os.<\/p>   <p>     .c-w{         max-width:444px;         width:100%;         margin:32px auto;      background:#00755E;         border-radius:4px;         display:flex;         align-items:center;         justify-content:center;     }     .c-w a{         display:flex;         align-items:center;         justify-content:center;         padding:4px 24px;     }     .c-w img{         width:24px;         margin-right:12px;     }     .c-w p{         font:18px\/25px Poppins;         text-align:center;         color:#fff;         margin:0;     }     @media (max-width:444px){         .c-w a{             padding:4px 12px;         }         .c-w img{             width:24px;             margin-right:8px;         }         .c-w p{             font:14px\/25px Poppins;         }     }     @media (max-width:335px){         .c-w p{             font:13px\/25px Poppins;         }     }  <div class=\"c-w\">     <a href=\"https:\/\/www.whatsapp.com\/channel\/0029Va633PF9WtC4l7XUzh1e\" target=\"_blank\" rel=\"noopener\">         <img decoding=\"async\" src=\"https:\/\/cadenaser.com\/estaticos\/recursosgraficos\/responsive\/img\/ico-whatsapp.svg\" alt=\"Whatsapp\">         <p>\u00danete al <b>canal de WhatsApp<\/b> de la SER<\/p>     <\/a> <\/div><\/p>   <p>A las 12.30 horas, la junta gestora que dirige la Associaci\u00f3 de Penyes, presidida este a\u00f1o por Jaume Cort\u00e9s, presentar\u00e1 el \u2018Llibret\u2019 oficial de este a\u00f1o, en el que el colectivo pe\u00f1ista conmemora su 40 aniversario. Por \u00faltimo, a las 13.30 horas, se ofrecer\u00e1 una picaeta para pe\u00f1istas y entidades festeras, tras la que el auditorio cerrar\u00e1 sus puertas hasta el concurso.<\/p>   <p>Una vez finalicen los playbacks de las pe\u00f1as, presentados por <a href=\"https:\/\/cadenaser.com\/tag\/benidorm\/a\/\" target=\"_blank\" rel=\"noopener\">Radio Benidorm<\/a>, se producir\u00e1n la deliberaci\u00f3n del jurado y la entrega de premios. Despu\u00e9s la fiesta continuar\u00e1 hasta la madrugada en el Julio Iglesias amenizada con la m\u00fasica de <a href=\"https:\/\/www.facebook.com\/LOS40Benidorm100.3FM\/\" rel=\"nofollow noopener\" target=\"_blank\">Los 40 Benidorm<\/a>.<\/p> ","protected":false},"excerpt":{"rendered":"<p>El auditorio Julio Iglesias ser\u00e1 este s\u00e1bado el epicentro del almuerzo, los playbacks y la fiesta de Los 40 Benidorm<\/p>\n","protected":false},"author":0,"featured_media":9797,"comment_status":"open","ping_status":"open","sticky":false,"template":"","format":"standard","meta":{"_acf_changed":false,"footnotes":""},"categories":[1],"tags":[],"class_list":["post-9796","post","type-post","status-publish","format-standard","has-post-thumbnail","hentry","category-sin-categoria"],"acf":{"ser_id":"NLXAWBI4LJDW5J53UEW4G5OPAE","ser_url":"https:\/\/cadenaser.com\/comunitat-valenciana\/2024\/10\/25\/todo-preparado-en-benidorm-para-el-dia-de-les-penyes-radio-benidorm\/"},"_links":{"self":[{"href":"https:\/\/serbenidorm.daliisolutions.com\/index.php\/wp-json\/wp\/v2\/posts\/9796","targetHints":{"allow":["GET"]}}],"collection":[{"href":"https:\/\/serbenidorm.daliisolutions.com\/index.php\/wp-json\/wp\/v2\/posts"}],"about":[{"href":"https:\/\/serbenidorm.daliisolutions.com\/index.php\/wp-json\/wp\/v2\/types\/post"}],"replies":[{"embeddable":true,"href":"https:\/\/serbenidorm.daliisolutions.com\/index.php\/wp-json\/wp\/v2\/comments?post=9796"}],"version-history":[{"count":0,"href":"https:\/\/serbenidorm.daliisolutions.com\/index.php\/wp-json\/wp\/v2\/posts\/9796\/revisions"}],"wp:featuredmedia":[{"embeddable":true,"href":"https:\/\/serbenidorm.daliisolutions.com\/index.php\/wp-json\/wp\/v2\/media\/9797"}],"wp:attachment":[{"href":"https:\/\/serbenidorm.daliisolutions.com\/index.php\/wp-json\/wp\/v2\/media?parent=9796"}],"wp:term":[{"taxonomy":"category","embeddable":true,"href":"https:\/\/serbenidorm.daliisolutions.com\/index.php\/wp-json\/wp\/v2\/categories?post=9796"},{"taxonomy":"post_tag","embeddable":true,"href":"https:\/\/serbenidorm.daliisolutions.com\/index.php\/wp-json\/wp\/v2\/tags?post=9796"}],"curies":[{"name":"wp","href":"https:\/\/api.w.org\/{rel}","templated":true}]}}