{"id":9817,"date":"2024-10-26T16:43:04","date_gmt":"2024-10-26T14:43:04","guid":{"rendered":"https:\/\/serbenidorm.daliisolutions.com\/index.php\/2024\/10\/26\/escuela-de-poetas-una-puerta-a-la-poesia-para-todas-las-edades\/"},"modified":"2024-10-26T16:43:04","modified_gmt":"2024-10-26T14:43:04","slug":"escuela-de-poetas-una-puerta-a-la-poesia-para-todas-las-edades","status":"publish","type":"post","link":"https:\/\/serbenidorm.daliisolutions.com\/index.php\/2024\/10\/26\/escuela-de-poetas-una-puerta-a-la-poesia-para-todas-las-edades\/","title":{"rendered":"\u2018Escuela de poetas\u2019, una puerta a la poes\u00eda para todas las edades"},"content":{"rendered":"  <p>Benidorm<\/p>   <p>Uno de los escritores m\u00e1s insignes del Siglo de Oro y, por lo tanto, de la historia de la literatura mundial, Lope de Vega, dej\u00f3 escrito aquello de que \u2018el amor tiene f\u00e1cil la entrada y dif\u00edcil la salida\u2019. Sin embargo, no ocurre lo mismo con uno de los g\u00e9neros que el genio madrile\u00f1o mejor cultiv\u00f3: la poes\u00eda. De ella, y por seguir con el juego de palabras que propon\u00eda Lope, podr\u00eda decirse que tiene dif\u00edcil tanto la entrada como la salida.<\/p>   <p>Y es que, aunque cuesta mucho dar el paso a la lectura de poemas, lo cierto es que una vez que se le ha \u2018cogido el gusto\u2019 al asunto, tambi\u00e9n es complicado deshacerse del h\u00e1bito y, para adquirirlo (como ocurre con casi todo), no hay nada mejor que comenzar a una edad temprana.<\/p>   <p>Por ello, <a href=\"https:\/\/www.lecturafacil.net\/es\/book\/escuela-de-poetas\/\" rel=\"nofollow\">tiene especial inter\u00e9s el libro \u2018Escuela de poetas\u2019<\/a>, presentado ayer viernes en Benidorm por su autora, M\u00aa Luisa Ortega y su editora, Beatriz Giovanna Ram\u00edrez en la librer\u00eda Contalles en un acto conducido por la periodista benidormense Raquel L\u00f3pez.<\/p>   <p>Un d\u00eda despu\u00e9s de esa puesta de largo en <a href=\"https:\/\/cadenaser.com\/radio-benidorm\/\">Benidorm<\/a> y a pocas horas de protagonizar la que, quiz\u00e1s, sea la presentaci\u00f3n m\u00e1s especial de esta gira promocional por producirse en la Casa Museo Miguel Hern\u00e1ndez de Orihuela (este mismo s\u00e1bado a las 18:00 horas), la editora Beatriz Giovanna Ram\u00edrez ha querido compartir algunos de los secretos de la obra con los oyentes de \u2018<a href=\"https:\/\/cadenaser.com\/radio-benidorm\/a-vivir-benidorm\/\">A Vivir Benidorm<\/a>\u2019.<\/p>   <p>Seg\u00fan la responsable de la publicaci\u00f3n de este t\u00edtulo, \u201c\u2018Escuela de poetas\u2019 es un libro para ni\u00f1os escrito y adaptado por M\u00aa Luisa Ortega Leonardo que homenajea la vida y obra de Miguel Hern\u00e1ndez\u201d que, eso s\u00ed, no recoge los poemas del poeta asesinado por el r\u00e9gimen franquista muriendo con los ojos abiertos y al que Vicente Aleixandre escribi\u00f3 aquellos versos f\u00fanebres: \u2018<i>No lo s\u00e9. Fue sin m\u00fasica \/ Tus grandes ojos azules \/abiertos se quedaron bajo el cielo ignorante, \/cielo de losa oscura \/ masa total que lenta desciende y te aboveda \/ cuerpo t\u00fa solo, inmenso, \/ \u00fanico hoy en la Tierra, \/ que contigo apretado por los soles escapa<\/i>\u2019.<\/p>   <p>     .c-w{         max-width:444px;         width:100%;         margin:32px auto;      background:#00755E;         border-radius:4px;         display:flex;         align-items:center;         justify-content:center;     }     .c-w a{         display:flex;         align-items:center;         justify-content:center;         padding:4px 24px;     }     .c-w img{         width:24px;         margin-right:12px;     }     .c-w p{         font:18px\/25px Poppins;         text-align:center;         color:#fff;         margin:0;     }     @media (max-width:444px){         .c-w a{             padding:4px 12px;         }         .c-w img{             width:24px;             margin-right:8px;         }         .c-w p{             font:14px\/25px Poppins;         }     }     @media (max-width:335px){         .c-w p{             font:13px\/25px Poppins;         }     }  <div class=\"c-w\">     <a href=\"https:\/\/www.whatsapp.com\/channel\/0029Va633PF9WtC4l7XUzh1e\" target=\"_blank\" rel=\"noopener\">         <img decoding=\"async\" src=\"https:\/\/cadenaser.com\/estaticos\/recursosgraficos\/responsive\/img\/ico-whatsapp.svg\" alt=\"Whatsapp\">         <p>\u00danete al <b>canal de WhatsApp<\/b> de la SER<\/p>     <\/a> <\/div><\/p>   <p>Con escuela de poetas, tal y como ha explicado Ram\u00edrez, su autora \u201ccuenta c\u00f3mo ser poeta. C\u00f3mo acercarse a la poes\u00eda de una manera m\u00e1s cercana\u201d y es que, \u201clos ni\u00f1os est\u00e1n en una edad de descubrir la poes\u00eda y de acercarse y maravillarse con ella. Para ellos, todo es descubrimiento. Por ello, la obra permite abrir esa ventana al mundo y descubrir a un personaje que se llama Miguelito que les ense\u00f1a qu\u00e9 es la poes\u00eda, qu\u00e9 es un poema y les permite maravillarse del mundo de las letras\u201d.<\/p> ","protected":false},"excerpt":{"rendered":"<p>Beatriz Giovanna Ram\u00edrez, editora del libro, visita \u2018A Vivir Benidorm\u2019 tras presentar la obra en la ciudad<\/p>\n","protected":false},"author":0,"featured_media":9818,"comment_status":"open","ping_status":"open","sticky":false,"template":"","format":"standard","meta":{"_acf_changed":false,"footnotes":""},"categories":[1],"tags":[],"class_list":["post-9817","post","type-post","status-publish","format-standard","has-post-thumbnail","hentry","category-sin-categoria"],"acf":{"ser_id":"3ASEKXC3JRBT3ILCN2D4F7XVMA","ser_url":"https:\/\/cadenaser.com\/comunitat-valenciana\/2024\/10\/26\/escuela-de-poetas-una-puerta-a-la-poesia-para-todas-las-edades-radio-benidorm\/"},"_links":{"self":[{"href":"https:\/\/serbenidorm.daliisolutions.com\/index.php\/wp-json\/wp\/v2\/posts\/9817","targetHints":{"allow":["GET"]}}],"collection":[{"href":"https:\/\/serbenidorm.daliisolutions.com\/index.php\/wp-json\/wp\/v2\/posts"}],"about":[{"href":"https:\/\/serbenidorm.daliisolutions.com\/index.php\/wp-json\/wp\/v2\/types\/post"}],"replies":[{"embeddable":true,"href":"https:\/\/serbenidorm.daliisolutions.com\/index.php\/wp-json\/wp\/v2\/comments?post=9817"}],"version-history":[{"count":0,"href":"https:\/\/serbenidorm.daliisolutions.com\/index.php\/wp-json\/wp\/v2\/posts\/9817\/revisions"}],"wp:featuredmedia":[{"embeddable":true,"href":"https:\/\/serbenidorm.daliisolutions.com\/index.php\/wp-json\/wp\/v2\/media\/9818"}],"wp:attachment":[{"href":"https:\/\/serbenidorm.daliisolutions.com\/index.php\/wp-json\/wp\/v2\/media?parent=9817"}],"wp:term":[{"taxonomy":"category","embeddable":true,"href":"https:\/\/serbenidorm.daliisolutions.com\/index.php\/wp-json\/wp\/v2\/categories?post=9817"},{"taxonomy":"post_tag","embeddable":true,"href":"https:\/\/serbenidorm.daliisolutions.com\/index.php\/wp-json\/wp\/v2\/tags?post=9817"}],"curies":[{"name":"wp","href":"https:\/\/api.w.org\/{rel}","templated":true}]}}