{"id":9844,"date":"2024-10-28T11:03:31","date_gmt":"2024-10-28T10:03:31","guid":{"rendered":"https:\/\/serbenidorm.daliisolutions.com\/index.php\/2024\/10\/28\/la-guardia-civil-desmantela-dos-puntos-de-venta-de-drogas-en-callosa-den-sarria\/"},"modified":"2024-10-28T11:03:31","modified_gmt":"2024-10-28T10:03:31","slug":"la-guardia-civil-desmantela-dos-puntos-de-venta-de-drogas-en-callosa-den-sarria","status":"publish","type":"post","link":"https:\/\/serbenidorm.daliisolutions.com\/index.php\/2024\/10\/28\/la-guardia-civil-desmantela-dos-puntos-de-venta-de-drogas-en-callosa-den-sarria\/","title":{"rendered":"La Guardia Civil desmantela dos puntos de venta de drogas en Callosa d&#8217;En Sarri\u00e0"},"content":{"rendered":"  <p>Callosa<\/p>   <p>La Guardia Civil, en una operaci\u00f3n contra el tr\u00e1fico de drogas realizada durante las fiestas patronales de Callosa d\u2019en Sarri\u00e0, ha desmantelado dos puntos de distribuci\u00f3n de sustancias estupefacientes, seg\u00fan ha informado el cuerpo en un comunicado.<\/p>   <p>El operativo se ha saldado con la <a href=\"https:\/\/cadenaser.com\/tag\/callosa_den_sarria\/a\/\" target=\"_blank\" rel=\"noopener\">detenci\u00f3n de dos personas y la incautaci\u00f3n m\u00e1s de 300 plantas de marihuana, cerca de 70 kilogramos de esta planta <\/a>dispuesta para su distribuci\u00f3n y material relacionado con el cultivo y tr\u00e1fico de drogas.<\/p>   <p>Primera fase <\/p>   <p>En una primera fase, la Guardia Civil de Callosa d\u2019en Sarri\u00e0, mediante la colaboraci\u00f3n ciudadana y el apoyo de la Polic\u00eda Local, tuvo conocimiento de la ubicaci\u00f3n de una plantaci\u00f3n de marihuana, que se encontraba en una partida aislada del municipio.<\/p>  <p><p>M\u00e1s informaci\u00f3n<\/p><figure><img loading=\"lazy\" decoding=\"async\" src=\"https:\/\/cadenaser.com\/resizer\/v2\/XVY75DREXFEN7PCJYKW3GMKZJY.jpg?auth=1f5d8220156ab84b786d0ad88c78320f62fc41b987afba6219a6620c6cfc8397&amp;quality=70&amp;width=360&amp;height=202&amp;smart=true\" width=\"820\" height=\"621\" \/><\/figure><ul><li><a href=\"https:\/\/cadenaser.com\/comunitat-valenciana\/2024\/10\/23\/tres-detenidos-en-lalfas-del-pi-por-prostituir-a-mujeres-durante-12-horas-diarias-radio-benidorm\/\"><span>Tres detenidos en l&#8217;Alf\u00e0s del Pi por prostituir a mujeres durante 12 horas diarias<\/span><\/a><\/li><\/ul><\/p>   <p>El d\u00eda 4 de octubre, los investigadores procedieron a la explotaci\u00f3n de la operaci\u00f3n, llevando a cabo la detenci\u00f3n de un sospechoso, un hombre espa\u00f1ol de 30 a\u00f1os, y el registro del domicilio, donde los agentes hallaron tanto una plantaci\u00f3n indoor como otra outdoor. <\/p>   <p>Durante los registros, se hallaron m\u00e1s de 320 plantas de Cannabis Sativa, 68,27 kilogramos de marihuana empaquetada ydispuesta para su venta, as\u00ed como 500 euros en efectivoen billetes de 20 y 50 euros. Adem\u00e1s, se intervino material utilizado para el cultivo, como l\u00e1mparas de calor, extractores, fertilizantes espec\u00edficos, b\u00e1sculas de precisi\u00f3n, material de envasado y otros utensilios.<\/p>   <p>     .c-w{         max-width:444px;         width:100%;         margin:32px auto;      background:#00755E;         border-radius:4px;         display:flex;         align-items:center;         justify-content:center;     }     .c-w a{         display:flex;         align-items:center;         justify-content:center;         padding:4px 24px;     }     .c-w img{         width:24px;         margin-right:12px;     }     .c-w p{         font:18px\/25px Poppins;         text-align:center;         color:#fff;         margin:0;     }     @media (max-width:444px){         .c-w a{             padding:4px 12px;         }         .c-w img{             width:24px;             margin-right:8px;         }         .c-w p{             font:14px\/25px Poppins;         }     }     @media (max-width:335px){         .c-w p{             font:13px\/25px Poppins;         }     }  <div class=\"c-w\">     <a href=\"https:\/\/www.whatsapp.com\/channel\/0029Va633PF9WtC4l7XUzh1e\" target=\"_blank\" rel=\"noopener\">         <img decoding=\"async\" src=\"https:\/\/cadenaser.com\/estaticos\/recursosgraficos\/responsive\/img\/ico-whatsapp.svg\" alt=\"Whatsapp\">         <p>\u00danete al <b>canal de WhatsApp<\/b> de la SER<\/p>     <\/a> <\/div><\/p>   <p>Segunda fase<\/p>   <p>El d\u00eda 5 de octubre, en una segunda fase de la operaci\u00f3n, los agentes desmantelaron un segundo punto de venta droga situado en el casco urbano de Callosa d\u2019en Sarri\u00e0. Tras el registro de la vivienda, se detuvo a un hombre de nacionalidad colombiana de 41 a\u00f1os y se incaut\u00f3 un kilo de marihuana preparado para la venta y distribuci\u00f3n.<\/p>   <p>Finalmente los dos detenidos, a los que se les imputa el delito de tr\u00e1fico de drogas, fueron puestos a disposici\u00f3n del Juzgado de Instrucci\u00f3n n\u00ba1 de Villajoyosa, que decret\u00f3 su libertad con la imposici\u00f3n de medidas cautelares.<\/p> ","protected":false},"excerpt":{"rendered":"<p>En una partida aislada y en el casco urbano<\/p>\n","protected":false},"author":0,"featured_media":9845,"comment_status":"open","ping_status":"open","sticky":false,"template":"","format":"standard","meta":{"_acf_changed":false,"footnotes":""},"categories":[1],"tags":[],"class_list":["post-9844","post","type-post","status-publish","format-standard","has-post-thumbnail","hentry","category-sin-categoria"],"acf":{"ser_id":"Y4PZFXEISZBJ7BV2LUBD7IDIRM","ser_url":"https:\/\/cadenaser.com\/comunitat-valenciana\/2024\/10\/28\/la-guardia-civil-desmantela-dos-puntos-de-venta-de-drogas-en-callosa-den-sarria-radio-benidorm\/"},"_links":{"self":[{"href":"https:\/\/serbenidorm.daliisolutions.com\/index.php\/wp-json\/wp\/v2\/posts\/9844","targetHints":{"allow":["GET"]}}],"collection":[{"href":"https:\/\/serbenidorm.daliisolutions.com\/index.php\/wp-json\/wp\/v2\/posts"}],"about":[{"href":"https:\/\/serbenidorm.daliisolutions.com\/index.php\/wp-json\/wp\/v2\/types\/post"}],"replies":[{"embeddable":true,"href":"https:\/\/serbenidorm.daliisolutions.com\/index.php\/wp-json\/wp\/v2\/comments?post=9844"}],"version-history":[{"count":0,"href":"https:\/\/serbenidorm.daliisolutions.com\/index.php\/wp-json\/wp\/v2\/posts\/9844\/revisions"}],"wp:featuredmedia":[{"embeddable":true,"href":"https:\/\/serbenidorm.daliisolutions.com\/index.php\/wp-json\/wp\/v2\/media\/9845"}],"wp:attachment":[{"href":"https:\/\/serbenidorm.daliisolutions.com\/index.php\/wp-json\/wp\/v2\/media?parent=9844"}],"wp:term":[{"taxonomy":"category","embeddable":true,"href":"https:\/\/serbenidorm.daliisolutions.com\/index.php\/wp-json\/wp\/v2\/categories?post=9844"},{"taxonomy":"post_tag","embeddable":true,"href":"https:\/\/serbenidorm.daliisolutions.com\/index.php\/wp-json\/wp\/v2\/tags?post=9844"}],"curies":[{"name":"wp","href":"https:\/\/api.w.org\/{rel}","templated":true}]}}