{"id":9848,"date":"2024-10-28T11:41:08","date_gmt":"2024-10-28T10:41:08","guid":{"rendered":"https:\/\/serbenidorm.daliisolutions.com\/index.php\/2024\/10\/28\/nueva-derrota-por-la-minima-para-el-balonmano-benidorm\/"},"modified":"2024-10-28T11:41:08","modified_gmt":"2024-10-28T10:41:08","slug":"nueva-derrota-por-la-minima-para-el-balonmano-benidorm","status":"publish","type":"post","link":"https:\/\/serbenidorm.daliisolutions.com\/index.php\/2024\/10\/28\/nueva-derrota-por-la-minima-para-el-balonmano-benidorm\/","title":{"rendered":"Nueva derrota por la m\u00ednima para el Balonmano Benidorm"},"content":{"rendered":"  <p>Benidorm<\/p>   <p>El balonmano est\u00e1 siendo terriblemente cruel con el <a href=\"https:\/\/cadenaser.com\/tag\/club_balonmano_benidorm\/a\/\">Servigroup Benidorm<\/a> en las \u00faltimas jornadas de la <a href=\"https:\/\/cadenaser.com\/tag\/liga_asobal\/a\/\">Liga Asobal<\/a>. Si hace ahora una semana los de Sergio Carballeira <a href=\"https:\/\/cadenaser.com\/comunitat-valenciana\/2024\/10\/20\/dolorosa-y-polemica-derrota-del-balonmano-benidorm-frente-a-logrono-radio-benidorm\/\">ca\u00edan por la m\u00ednima en casa ante el BM Logro\u00f1o-La Rioja con mucha pol\u00e9mica arbitral<\/a>, la visita de los benidormenses a la cancha del Puente Genil se sald\u00f3 con una nueva derrota por un solo gol de diferencia (32-31) tras un choque tremendamente igualado.<\/p>   <p>Los dos equipos saltaron al 40&#215;20 muy enchufados desde el primer minuto de juego y queriendo hacerse con el control del partido, dejando patente desde ese arranque la gran igualdad que iba a marcar ese duelo.<\/p>  <p><p>M\u00e1s informaci\u00f3n<\/p><figure><img loading=\"lazy\" decoding=\"async\" src=\"https:\/\/cadenaser.com\/resizer\/v2\/MLI35A2MWNE7ZJMR4RTW3ATLCM.JPG?auth=64abb52c76b934d546ba5acdabd485355967935e4ad1905a24074ec5260b07e3&amp;quality=70&amp;width=360&amp;height=202&amp;smart=true\" width=\"820\" height=\"621\" \/><\/figure><ul><li><a href=\"https:\/\/cadenaser.com\/comunitat-valenciana\/2024\/08\/08\/todos-los-partidos-horarios-y-resultados-del-balonmano-servigroup-benidorm-radio-benidorm\/\"><span>Todos los partidos, horarios y resultados del Balonmano Servigroup Benidorm<\/span><\/a><\/li><\/ul><\/p>   <p>Durante la primera mitad ninguno de los dos equipos consegu\u00eda romper el partido y la alternancia de peque\u00f1as ventajas en el marcador fue constante hasta la llegada descanso con empate (16-16) en el luminoso.<\/p>   <p>Tras la reanudaci\u00f3n, los de Paco Bustos sal\u00edan mucho m\u00e1s centrados, y poco a poco consegu\u00edan ir abriendo brecha en el marcador ante las dificultades para los de Sergio Carballeira de revertir la situaci\u00f3n.<\/p>   <p>La defensa local, cada vez se encontraba m\u00e1s c\u00f3moda y los benidormenses ten\u00edan serias dificultades para finalizar las situaciones de ataque. Esta situaci\u00f3n se mantendr\u00eda en el tiempo y los benidormenses quedar\u00edan lejos de sacar algo positivo pese a la leve remontada del tramo final con la que perder por la m\u00ednima, 32 a 31.<\/p>   <p>     .c-w{         max-width:444px;         width:100%;         margin:32px auto;      background:#00755E;         border-radius:4px;         display:flex;         align-items:center;         justify-content:center;     }     .c-w a{         display:flex;         align-items:center;         justify-content:center;         padding:4px 24px;     }     .c-w img{         width:24px;         margin-right:12px;     }     .c-w p{         font:18px\/25px Poppins;         text-align:center;         color:#fff;         margin:0;     }     @media (max-width:444px){         .c-w a{             padding:4px 12px;         }         .c-w img{             width:24px;             margin-right:8px;         }         .c-w p{             font:14px\/25px Poppins;         }     }     @media (max-width:335px){         .c-w p{             font:13px\/25px Poppins;         }     }  <div class=\"c-w\">     <a href=\"https:\/\/www.whatsapp.com\/channel\/0029Va633PF9WtC4l7XUzh1e\" target=\"_blank\" rel=\"noopener\">         <img decoding=\"async\" src=\"https:\/\/cadenaser.com\/estaticos\/recursosgraficos\/responsive\/img\/ico-whatsapp.svg\" alt=\"Whatsapp\">         <p>\u00danete al <b>canal de WhatsApp<\/b> de la SER<\/p>     <\/a> <\/div><\/p> ","protected":false},"excerpt":{"rendered":"<p>Una buena segunda parte del Puente Genil inclin\u00f3 la balanza de un partido muy igualado<\/p>\n","protected":false},"author":0,"featured_media":9849,"comment_status":"open","ping_status":"open","sticky":false,"template":"","format":"standard","meta":{"_acf_changed":false,"footnotes":""},"categories":[16],"tags":[],"class_list":["post-9848","post","type-post","status-publish","format-standard","has-post-thumbnail","hentry","category-deportes"],"acf":{"ser_id":"3ZPA4OR35VBITPAWDO4M5EVBNM","ser_url":"https:\/\/cadenaser.com\/comunitat-valenciana\/2024\/10\/28\/nueva-derrota-por-la-minima-para-el-balonmano-benidorm-radio-benidorm\/"},"_links":{"self":[{"href":"https:\/\/serbenidorm.daliisolutions.com\/index.php\/wp-json\/wp\/v2\/posts\/9848","targetHints":{"allow":["GET"]}}],"collection":[{"href":"https:\/\/serbenidorm.daliisolutions.com\/index.php\/wp-json\/wp\/v2\/posts"}],"about":[{"href":"https:\/\/serbenidorm.daliisolutions.com\/index.php\/wp-json\/wp\/v2\/types\/post"}],"replies":[{"embeddable":true,"href":"https:\/\/serbenidorm.daliisolutions.com\/index.php\/wp-json\/wp\/v2\/comments?post=9848"}],"version-history":[{"count":0,"href":"https:\/\/serbenidorm.daliisolutions.com\/index.php\/wp-json\/wp\/v2\/posts\/9848\/revisions"}],"wp:featuredmedia":[{"embeddable":true,"href":"https:\/\/serbenidorm.daliisolutions.com\/index.php\/wp-json\/wp\/v2\/media\/9849"}],"wp:attachment":[{"href":"https:\/\/serbenidorm.daliisolutions.com\/index.php\/wp-json\/wp\/v2\/media?parent=9848"}],"wp:term":[{"taxonomy":"category","embeddable":true,"href":"https:\/\/serbenidorm.daliisolutions.com\/index.php\/wp-json\/wp\/v2\/categories?post=9848"},{"taxonomy":"post_tag","embeddable":true,"href":"https:\/\/serbenidorm.daliisolutions.com\/index.php\/wp-json\/wp\/v2\/tags?post=9848"}],"curies":[{"name":"wp","href":"https:\/\/api.w.org\/{rel}","templated":true}]}}