{"id":9852,"date":"2024-10-28T13:40:57","date_gmt":"2024-10-28T12:40:57","guid":{"rendered":"https:\/\/serbenidorm.daliisolutions.com\/index.php\/2024\/10\/28\/felipe-orts-cierra-su-primera-gira-belga-pensando-en-el-europeo\/"},"modified":"2024-10-28T13:40:57","modified_gmt":"2024-10-28T12:40:57","slug":"felipe-orts-cierra-su-primera-gira-belga-pensando-en-el-europeo","status":"publish","type":"post","link":"https:\/\/serbenidorm.daliisolutions.com\/index.php\/2024\/10\/28\/felipe-orts-cierra-su-primera-gira-belga-pensando-en-el-europeo\/","title":{"rendered":"Felipe Orts cierra su primera gira belga pensando en el Europeo"},"content":{"rendered":"  <p>Benidorm<\/p>   <p>Con dos carreras en apenas 24 horas, <a href=\"https:\/\/cadenaser.com\/tag\/felipe_orts_lloret\/a\/\">Felipe Orts<\/a> puso punto y final este fin de semana a su primera gira belga del invierno antes de regresar por unos d\u00edas a La Vila Joiosa y velar armas de cara al primer gran punto caliente del a\u00f1o: el Campeonato de Europa que este a\u00f1o se disputa en Pontevedra.<\/p>   <p><div class=\"oembed twitter\"><blockquote class=\"twitter-tweet\"><p lang=\"es\" dir=\"ltr\">Frena co\u00f1o frena!!!\ud83d\ude05\ud83e\udd74 <a href=\"https:\/\/t.co\/7peUYC1yA1\">pic.twitter.com\/7peUYC1yA1<\/a><\/p>\u2014 Felipe Orts Lloret (@felipeorts15) <a href=\"https:\/\/twitter.com\/felipeorts15\/status\/1850214256249127291?ref_src=twsrc%5Etfw\">October 26, 2024<\/a><\/blockquote>   <\/div><\/p>   <p>Orts volvi\u00f3 a demostrar su gran momento de forma tanto el s\u00e1bado en Heerde (Pa\u00edses Bajos), como el domingo en Overijse (B\u00e9lgica), obteniendo un quinto y un d\u00e9cimo puesto, respectivamente.<\/p>   <p>Tras verse <a href=\"https:\/\/cadenaser.com\/comunitat-valenciana\/2024\/10\/20\/una-averia-trunca-un-espectacular-dia-de-felipe-orts-radio-benidorm\/\">muy lastrado por las aver\u00edas en Ruddervoorde, cita inaugural del Superprestigio<\/a>, y en Woerden, el s\u00e1bado el corredor de La Vila Joiosa fue el protagonista de una nueva remontada despu\u00e9s de caerse en la primera curva y verse relegado m\u00e1s all\u00e1 de la 30\u00aa posici\u00f3n en el primer paso por l\u00ednea de meta.<\/p>  <p><p>M\u00e1s informaci\u00f3n<\/p><figure><img loading=\"lazy\" decoding=\"async\" src=\"https:\/\/cadenaser.com\/resizer\/v2\/JG7JZDC7ZFDR3I4VLA2BFQBJ44.jpg?auth=4ae789210bb63555cb9534be18ba18e8501327a9624938a7ad55469376a0f573&amp;quality=70&amp;width=360&amp;height=202&amp;smart=true\" width=\"820\" height=\"621\" \/><\/figure><ul><li><a href=\"https:\/\/cadenaser.com\/tag\/felipe_orts_lloret\/a\/\"><span>Todas las noticias de Felipe Orts<\/span><\/a><\/li><\/ul><\/p>   <p>Ya sin opciones de volver a contactar con el grupo de cabeza, Orts hizo su propia carrera a la contra para terminar alcanzando la quinta posici\u00f3n en la l\u00ednea de meta, su mejor resultado en lo que va de invierno, y demostrando que, a poco que la suerte no le sea esquiva, podr\u00e1 estar peleando por el podio en muchas citas esta temporada.<\/p>   <p><b>Mejora brutal en Overijse<\/b><\/p>   <p>Apenas 24 horas m\u00e1s tarde, <a href=\"https:\/\/cadenaser.com\/tag\/felipe_orts_lloret\/a\/\">Felipe Orts<\/a> volv\u00eda a enfundarse su maillot de campe\u00f3n de Espa\u00f1a para tomar la salida en la segunda prueba puntuable del Superprestigio celebrada en Overijse, en un circuito muy cambiado respecto a a\u00f1os anteriores, pero que, pese a ello, est\u00e1 lejos de ser de aquellos que mejor se adaptan a las preferencias del corredor del Ridley Racing Team.<\/p>   <p>     .c-w{         max-width:444px;         width:100%;         margin:32px auto;      background:#00755E;         border-radius:4px;         display:flex;         align-items:center;         justify-content:center;     }     .c-w a{         display:flex;         align-items:center;         justify-content:center;         padding:4px 24px;     }     .c-w img{         width:24px;         margin-right:12px;     }     .c-w p{         font:18px\/25px Poppins;         text-align:center;         color:#fff;         margin:0;     }     @media (max-width:444px){         .c-w a{             padding:4px 12px;         }         .c-w img{             width:24px;             margin-right:8px;         }         .c-w p{             font:14px\/25px Poppins;         }     }     @media (max-width:335px){         .c-w p{             font:13px\/25px Poppins;         }     }  <div class=\"c-w\">     <a href=\"https:\/\/www.whatsapp.com\/channel\/0029Va633PF9WtC4l7XUzh1e\" target=\"_blank\" rel=\"noopener\">         <img decoding=\"async\" src=\"https:\/\/cadenaser.com\/estaticos\/recursosgraficos\/responsive\/img\/ico-whatsapp.svg\" alt=\"Whatsapp\">         <p>\u00danete al <b>canal de WhatsApp<\/b> de la SER<\/p>     <\/a> <\/div><\/p>   <p>Pese a todo, Felipe Orts protagoniz\u00f3 all\u00ed una brutal mejora respecto a lo visto por su parte en temporadas anteriores y acab\u00f3 alcanzando un nuevo top10, un salto de calidad enorme respecto al 18\u00ba lugar logrado hace dos a\u00f1os y que, hasta este domingo, hab\u00eda sido su mejor resultado de siempre en la prueba m\u00e1s veterana del calendario internacional.<\/p>   <p><b>H\u00e9ctor \u00c1lvarez, top10 en l\u2019Enova<\/b><\/p>   <p>El fin de semana nos dej\u00f3 tambi\u00e9n el debut en la especialidad invernal del ciclismo del alfasino H\u00e9ctor \u00c1lvarez, que cerr\u00f3 su temporada de ruta como el mejor J\u00fanior del mundo (y mejor ciclista de la categor\u00eda en la historia de Espa\u00f1a).<\/p>  <p><p>M\u00e1s informaci\u00f3n<\/p><figure><img loading=\"lazy\" decoding=\"async\" src=\"https:\/\/cadenaser.com\/resizer\/v2\/WC7GXTB7AZD2PGWSWP3AT7TTW4.JPG?auth=04579c1185af0e90c3cf76e469f812947dc0f4b94c480f4d52070fbae6438825&amp;quality=70&amp;width=360&amp;height=202&amp;smart=true\" width=\"820\" height=\"621\" \/><\/figure><ul><li><a href=\"https:\/\/cadenaser.com\/tag\/hector_alvarez_martinez\/a\/\"><span>Todas las noticias de H\u00e9ctor \u00c1lvarez<\/span><\/a><\/li><\/ul><\/p>   <p><a href=\"https:\/\/cadenaser.com\/comunitat-valenciana\/2024\/10\/23\/leyendas-del-ciclismo-se-citan-este-fin-de-semana-en-la-nucia-con-hector-alvarez-como-espectador-de-lujo-radio-benidorm\/\" target=\"_blank\" rel=\"noopener\">\u00c1lvarez form\u00f3 en la parrilla de salida de la novena edici\u00f3n del Trofeo de Ciclocross de l\u2019Enova<\/a> y lo hizo, aunque por edad podr\u00eda haber disputado la carrera J\u00fanior, en la prueba \u00c9lite y Sub-23 consiguiendo una muy meritoria d\u00e9cima posici\u00f3n frente a corredores mucho m\u00e1s experimentados en una disciplina en la que la t\u00e9cnica y, por lo tanto, la experiencia es un factor clave.<\/p>   <p>La gran actuaci\u00f3n de \u00c1lvarez en l\u2019Enova servir\u00e1 ahora al joven corredor de l\u2019Alf\u00e0s del Pi para ese gran examen al que se enfrentar\u00e1 el pr\u00f3ximo d\u00eda 16 de noviembre cuando \u2018saltar\u00e1 sin red\u2019 al gran circo internacional con la disputa (tambi\u00e9n en la categor\u00eda \u00c9lite y Sub-23) del Superprestigio de Merksplas, donde estar\u00e1n los mejores del mundo.<\/p> ","protected":false},"excerpt":{"rendered":"<p>El ciclista vilero protagoniz\u00f3 una gran remontada tras caerse en la primera curva en Heerde<\/p>\n","protected":false},"author":0,"featured_media":9853,"comment_status":"open","ping_status":"open","sticky":false,"template":"","format":"standard","meta":{"_acf_changed":false,"footnotes":""},"categories":[16],"tags":[],"class_list":["post-9852","post","type-post","status-publish","format-standard","has-post-thumbnail","hentry","category-deportes"],"acf":{"ser_id":"G6ISPTJQRBB6LEWTD7EB3G5ODA","ser_url":"https:\/\/cadenaser.com\/comunitat-valenciana\/2024\/10\/28\/felipe-orts-cierra-su-primera-gira-belga-pensando-en-el-europeo-radio-benidorm\/"},"_links":{"self":[{"href":"https:\/\/serbenidorm.daliisolutions.com\/index.php\/wp-json\/wp\/v2\/posts\/9852","targetHints":{"allow":["GET"]}}],"collection":[{"href":"https:\/\/serbenidorm.daliisolutions.com\/index.php\/wp-json\/wp\/v2\/posts"}],"about":[{"href":"https:\/\/serbenidorm.daliisolutions.com\/index.php\/wp-json\/wp\/v2\/types\/post"}],"replies":[{"embeddable":true,"href":"https:\/\/serbenidorm.daliisolutions.com\/index.php\/wp-json\/wp\/v2\/comments?post=9852"}],"version-history":[{"count":0,"href":"https:\/\/serbenidorm.daliisolutions.com\/index.php\/wp-json\/wp\/v2\/posts\/9852\/revisions"}],"wp:featuredmedia":[{"embeddable":true,"href":"https:\/\/serbenidorm.daliisolutions.com\/index.php\/wp-json\/wp\/v2\/media\/9853"}],"wp:attachment":[{"href":"https:\/\/serbenidorm.daliisolutions.com\/index.php\/wp-json\/wp\/v2\/media?parent=9852"}],"wp:term":[{"taxonomy":"category","embeddable":true,"href":"https:\/\/serbenidorm.daliisolutions.com\/index.php\/wp-json\/wp\/v2\/categories?post=9852"},{"taxonomy":"post_tag","embeddable":true,"href":"https:\/\/serbenidorm.daliisolutions.com\/index.php\/wp-json\/wp\/v2\/tags?post=9852"}],"curies":[{"name":"wp","href":"https:\/\/api.w.org\/{rel}","templated":true}]}}