{"id":9859,"date":"2024-10-28T14:59:54","date_gmt":"2024-10-28T13:59:54","guid":{"rendered":"https:\/\/serbenidorm.daliisolutions.com\/index.php\/2024\/10\/28\/el-c-f-la-nucia-renace-de-sus-cenizas-mientras-el-c-f-benidorm-naufraga\/"},"modified":"2024-10-28T14:59:54","modified_gmt":"2024-10-28T13:59:54","slug":"el-c-f-la-nucia-renace-de-sus-cenizas-mientras-el-c-f-benidorm-naufraga","status":"publish","type":"post","link":"https:\/\/serbenidorm.daliisolutions.com\/index.php\/2024\/10\/28\/el-c-f-la-nucia-renace-de-sus-cenizas-mientras-el-c-f-benidorm-naufraga\/","title":{"rendered":"El C.F. La Nuc\u00eda renace de sus cenizas mientras el C.F. Benidorm naufraga"},"content":{"rendered":"  <p>Benidorm<\/p>   <p>En el deporte y, sobre todo, en el f\u00fatbol se suele decir aquello de que un equipo es tan bueno o tan malo como sus \u00faltimos resultados y eso es lo que est\u00e1n viviendo, con muy distinta conclusi\u00f3n, los dos equipos de la Marina Baixa en Tercera RFEF.<\/p>   <p>La cara amable, al menos en la \u00faltima semana, la est\u00e1 viviendo el C.F. La Nuc\u00eda, que el pasado mi\u00e9rcoles consegu\u00eda dar la sorpresa ante el Castell\u00f3n B en su partido aplazado correspondiente a la sexta jornada ganando en el feudo castellonenses por 2-4 y que este domingo, de nuevo como visitante y ante el Rayo Ibense, volv\u00eda a sumar tres puntos tras ganar por 0-1 saliendo de esta manera del pozo de los puestos de descenso que ahora ya tienen a cuatro puntos de distancia.<\/p>   <p>El choque ante el equipo de Ibi era crucial para los de Berna Ballester ya que los locales llegaban al mismo como colistas (puesto en el que se mantienen) y, por lo tanto, pasaba por ser un partido fundamental para un equipo que, aunque ha comenzado de forma muy irregular el a\u00f1o, no ha escondido que su objetivo es volver cuanto antes de la Segunda RFEF.<\/p>   <p><b>Naufragio del C.F. Benidorm<\/b><\/p>   <p>Muy distinta es la realidad que est\u00e1 atravesando el C.F. Benidorm, sobre el que cada vez aparecen m\u00e1s dudas y cuyos interrogantes no necesariamente (o solamente) nacen de la parcela deportiva, con muchos aficionados apuntando ya a la planta noble de la entidad.<\/p>   <p>En cualquier caso, lo \u00fanico que es evidente a estas alturas es que, tras la victoria de la primera semana de competici\u00f3n ante el Patacona (1-2), los benidormenses no han podido celebrar triunfo alguno y han encadenado, tras caer en el Nou Pla ante el Utiel por 0-2, cinco derrotas consecutivas que los han dejado en la pen\u00faltima posici\u00f3n con cinco puntos, ya a cuatro de distancia de la salvaci\u00f3n.<\/p>   <p>     .c-w{         max-width:444px;         width:100%;         margin:32px auto;      background:#00755E;         border-radius:4px;         display:flex;         align-items:center;         justify-content:center;     }     .c-w a{         display:flex;         align-items:center;         justify-content:center;         padding:4px 24px;     }     .c-w img{         width:24px;         margin-right:12px;     }     .c-w p{         font:18px\/25px Poppins;         text-align:center;         color:#fff;         margin:0;     }     @media (max-width:444px){         .c-w a{             padding:4px 12px;         }         .c-w img{             width:24px;             margin-right:8px;         }         .c-w p{             font:14px\/25px Poppins;         }     }     @media (max-width:335px){         .c-w p{             font:13px\/25px Poppins;         }     }  <div class=\"c-w\">     <a href=\"https:\/\/www.whatsapp.com\/channel\/0029Va633PF9WtC4l7XUzh1e\" target=\"_blank\" rel=\"noopener\">         <img decoding=\"async\" src=\"https:\/\/cadenaser.com\/estaticos\/recursosgraficos\/responsive\/img\/ico-whatsapp.svg\" alt=\"Whatsapp\">         <p>\u00danete al <b>canal de WhatsApp<\/b> de la SER<\/p>     <\/a> <\/div><\/p> ","protected":false},"excerpt":{"rendered":"<p>Los rojillos suman seis puntos en menos de una semana y salen del pozo del descenso<\/p>\n","protected":false},"author":0,"featured_media":9860,"comment_status":"open","ping_status":"open","sticky":false,"template":"","format":"standard","meta":{"_acf_changed":false,"footnotes":""},"categories":[16],"tags":[],"class_list":["post-9859","post","type-post","status-publish","format-standard","has-post-thumbnail","hentry","category-deportes"],"acf":{"ser_id":"H2JJTXVXTZGLLMTELTW37YLEB4","ser_url":"https:\/\/cadenaser.com\/comunitat-valenciana\/2024\/10\/28\/el-cf-la-nucia-renace-de-sus-cenizas-mientras-el-cf-benidorm-naufraga-radio-benidorm\/"},"_links":{"self":[{"href":"https:\/\/serbenidorm.daliisolutions.com\/index.php\/wp-json\/wp\/v2\/posts\/9859","targetHints":{"allow":["GET"]}}],"collection":[{"href":"https:\/\/serbenidorm.daliisolutions.com\/index.php\/wp-json\/wp\/v2\/posts"}],"about":[{"href":"https:\/\/serbenidorm.daliisolutions.com\/index.php\/wp-json\/wp\/v2\/types\/post"}],"replies":[{"embeddable":true,"href":"https:\/\/serbenidorm.daliisolutions.com\/index.php\/wp-json\/wp\/v2\/comments?post=9859"}],"version-history":[{"count":0,"href":"https:\/\/serbenidorm.daliisolutions.com\/index.php\/wp-json\/wp\/v2\/posts\/9859\/revisions"}],"wp:featuredmedia":[{"embeddable":true,"href":"https:\/\/serbenidorm.daliisolutions.com\/index.php\/wp-json\/wp\/v2\/media\/9860"}],"wp:attachment":[{"href":"https:\/\/serbenidorm.daliisolutions.com\/index.php\/wp-json\/wp\/v2\/media?parent=9859"}],"wp:term":[{"taxonomy":"category","embeddable":true,"href":"https:\/\/serbenidorm.daliisolutions.com\/index.php\/wp-json\/wp\/v2\/categories?post=9859"},{"taxonomy":"post_tag","embeddable":true,"href":"https:\/\/serbenidorm.daliisolutions.com\/index.php\/wp-json\/wp\/v2\/tags?post=9859"}],"curies":[{"name":"wp","href":"https:\/\/api.w.org\/{rel}","templated":true}]}}