{"id":9873,"date":"2024-10-28T20:44:04","date_gmt":"2024-10-28T19:44:04","guid":{"rendered":"https:\/\/serbenidorm.daliisolutions.com\/index.php\/2024\/10\/28\/huelga-de-autobuses-en-benidorm-largas-esperas-en-el-transporte-urbano-y-normalidad-en-el-escolar\/"},"modified":"2024-10-28T20:44:04","modified_gmt":"2024-10-28T19:44:04","slug":"huelga-de-autobuses-en-benidorm-largas-esperas-en-el-transporte-urbano-y-normalidad-en-el-escolar","status":"publish","type":"post","link":"https:\/\/serbenidorm.daliisolutions.com\/index.php\/2024\/10\/28\/huelga-de-autobuses-en-benidorm-largas-esperas-en-el-transporte-urbano-y-normalidad-en-el-escolar\/","title":{"rendered":"Huelga de autobuses en Benidorm: largas esperas en el transporte urbano y normalidad en el escolar"},"content":{"rendered":"  <p>Benidorm<\/p>   <p>La huelga de los conductores de transporte de pasajeros deja en este inicio de semana dos im\u00e1genes en Benidorm. A primera hora la normalidad en los autobuses escolares, que han tenido un 100 % de servicios m\u00ednimos, y durante el resto de la ma\u00f1ana las esperas, largas esperas, en las paradas del transporte urbano e interurbano.<\/p>   <p>La Polic\u00eda Local de la capital tur\u00edstica ha confirmado que el desplazamiento de los alumnos a los colegios e institutos no ha presentado ninguna novedad. Tampoco est\u00e1 generando incidentes el paro de los conductores de urbanos e interurbanos, aunque <a href=\"https:\/\/cadenaser.com\/tag\/benidorm\/a\/\" target=\"_blank\" rel=\"noopener\">el tiempo de espera superaba a mediod\u00eda los 50 minutos para la L\u00ednea 1 destino estaci\u00f3n de tren, de 80 para la L\u00ednea 2 destino MediaMarkt o de media hora para la L\u00ednea 3 destino Carrefour<\/a>.<\/p>  <p><p>M\u00e1s informaci\u00f3n<\/p><figure><img loading=\"lazy\" decoding=\"async\" src=\"https:\/\/cadenaser.com\/resizer\/v2\/5U5IR4PDIRAG3BLBITCMM4RBWY.jpeg?auth=213246c7796fc6175e5e9fcf246439f6fec199c9710862a5720978f2c6be8c93&amp;quality=70&amp;width=360&amp;height=202&amp;smart=true\" width=\"820\" height=\"621\" \/><\/figure><ul><li><a href=\"https:\/\/cadenaser.com\/comunitat-valenciana\/2024\/10\/23\/los-trabajadores-de-la-residencia-de-benidorm-se-vuelven-a-concentrar-este-jueves-como-podemos-vivir-con-mil-euros-al-mes-radio-benidorm\/\"><span>Nueva protesta de los trabajadores de la residencia de Benidorm: \u00ab\u00bfC\u00f3mo podemos vivir con mil euros al mes?\u00bb<\/span><\/a><\/li><\/ul><\/p>   <p>Esto es en general m\u00e1s del doble de la frecuencia habitual, como nos han contado los usuarios en la tecno parada de la avenida Mediterr\u00e1neo, que est\u00e1n recurriendo a alternativas como el Tram o hacer el desplazamiento a pie: \u00abLlevo m\u00e1s de media hora esperando y el 10 sigue sin venir\u00bb, lamentaba una mujer que quer\u00eda volver a su casa en l&#8217;Alf\u00e0s del Pi.<\/p>   <p>El edil de Movilidad Francis Mu\u00f1oz ha se\u00f1alado que son precisamente las l\u00edneas principales las que est\u00e1n siendo m\u00e1s reforzadas por los servicios m\u00ednimos y que la mayor afectaci\u00f3n se encuentra en las que tienen menos rotaci\u00f3n: \u00abEn los momentos pico de servicio con un 55 % del servicio cubierto y en los momentos de menor afluencia de pasajeros de un 40 %\u00bb.<\/p>   <p>Francisco Vilaplana, secretario de transporte por carretera y urbano de UGT en la provincia de Alicante, ha estimado un seguimiento de la huelga casi completo en las dos Marinas:  \u00abPr\u00e1cticamente del 100 %, solo est\u00e1n saliendo servicios m\u00ednimos y los conductores tienen claro que con m\u00e1s de 60 a\u00f1os las condiciones no son las m\u00e1s \u00f3ptimas para llevar un veh\u00edculo pesado con pasajeros\u00bb.<\/p>   <p>     .c-w{         max-width:444px;         width:100%;         margin:32px auto;      background:#00755E;         border-radius:4px;         display:flex;         align-items:center;         justify-content:center;     }     .c-w a{         display:flex;         align-items:center;         justify-content:center;         padding:4px 24px;     }     .c-w img{         width:24px;         margin-right:12px;     }     .c-w p{         font:18px\/25px Poppins;         text-align:center;         color:#fff;         margin:0;     }     @media (max-width:444px){         .c-w a{             padding:4px 12px;         }         .c-w img{             width:24px;             margin-right:8px;         }         .c-w p{             font:14px\/25px Poppins;         }     }     @media (max-width:335px){         .c-w p{             font:13px\/25px Poppins;         }     }  <div class=\"c-w\">     <a href=\"https:\/\/www.whatsapp.com\/channel\/0029Va633PF9WtC4l7XUzh1e\" target=\"_blank\" rel=\"noopener\">         <img decoding=\"async\" src=\"https:\/\/cadenaser.com\/estaticos\/recursosgraficos\/responsive\/img\/ico-whatsapp.svg\" alt=\"Whatsapp\">         <p>\u00danete al <b>canal de WhatsApp<\/b> de la SER<\/p>     <\/a> <\/div><\/p> ","protected":false},"excerpt":{"rendered":"<p>La mayor\u00eda de l\u00edneas acumulan demoras que doblan el tiempo de las frecuencias habituales<\/p>\n","protected":false},"author":0,"featured_media":9874,"comment_status":"open","ping_status":"open","sticky":false,"template":"","format":"standard","meta":{"_acf_changed":false,"footnotes":""},"categories":[1],"tags":[],"class_list":["post-9873","post","type-post","status-publish","format-standard","has-post-thumbnail","hentry","category-sin-categoria"],"acf":{"ser_id":"3KACNLDIOFFUPLH6QS36SMWLJI","ser_url":"https:\/\/cadenaser.com\/comunitat-valenciana\/2024\/10\/28\/huelga-de-autobuses-en-benidorm-largas-esperas-en-el-transporte-urbano-y-normalidad-en-el-escolar-radio-benidorm\/"},"_links":{"self":[{"href":"https:\/\/serbenidorm.daliisolutions.com\/index.php\/wp-json\/wp\/v2\/posts\/9873","targetHints":{"allow":["GET"]}}],"collection":[{"href":"https:\/\/serbenidorm.daliisolutions.com\/index.php\/wp-json\/wp\/v2\/posts"}],"about":[{"href":"https:\/\/serbenidorm.daliisolutions.com\/index.php\/wp-json\/wp\/v2\/types\/post"}],"replies":[{"embeddable":true,"href":"https:\/\/serbenidorm.daliisolutions.com\/index.php\/wp-json\/wp\/v2\/comments?post=9873"}],"version-history":[{"count":0,"href":"https:\/\/serbenidorm.daliisolutions.com\/index.php\/wp-json\/wp\/v2\/posts\/9873\/revisions"}],"wp:featuredmedia":[{"embeddable":true,"href":"https:\/\/serbenidorm.daliisolutions.com\/index.php\/wp-json\/wp\/v2\/media\/9874"}],"wp:attachment":[{"href":"https:\/\/serbenidorm.daliisolutions.com\/index.php\/wp-json\/wp\/v2\/media?parent=9873"}],"wp:term":[{"taxonomy":"category","embeddable":true,"href":"https:\/\/serbenidorm.daliisolutions.com\/index.php\/wp-json\/wp\/v2\/categories?post=9873"},{"taxonomy":"post_tag","embeddable":true,"href":"https:\/\/serbenidorm.daliisolutions.com\/index.php\/wp-json\/wp\/v2\/tags?post=9873"}],"curies":[{"name":"wp","href":"https:\/\/api.w.org\/{rel}","templated":true}]}}