{"id":9875,"date":"2024-10-28T20:44:06","date_gmt":"2024-10-28T19:44:06","guid":{"rendered":"https:\/\/serbenidorm.daliisolutions.com\/index.php\/2024\/10\/28\/aprobado-el-proyecto-multiaventura-de-la-sequia-mare-de-benidorm-con-725-000-euros-de-inversion-europea\/"},"modified":"2024-10-28T20:44:06","modified_gmt":"2024-10-28T19:44:06","slug":"aprobado-el-proyecto-multiaventura-de-la-sequia-mare-de-benidorm-con-725-000-euros-de-inversion-europea","status":"publish","type":"post","link":"https:\/\/serbenidorm.daliisolutions.com\/index.php\/2024\/10\/28\/aprobado-el-proyecto-multiaventura-de-la-sequia-mare-de-benidorm-con-725-000-euros-de-inversion-europea\/","title":{"rendered":"Aprobado el proyecto multiaventura de la S\u00e8quia Mare de Benidorm con 725.000 euros de inversi\u00f3n europea"},"content":{"rendered":"  <p>Benidorm<\/p>   <p>Benidorm destinar\u00e1 725.000 euros de fondos europeos a dotar al Parque de la S\u00e8quia Mare de una zona multiaventura con \u00e1rea de acampada. La Junta de Gobierno Local ha dado hoy luz verde al proyecto que dotar\u00e1 a este gran parque urbano de \u201cun activo etnogr\u00e1fico-cultural y tur\u00edstico que facilita el contacto de la poblaci\u00f3n con la naturaleza\u201d, tal y como ha asegurado el alcalde de Benidorm, Toni P\u00e9rez.<\/p>   <p>La futura zona multiaventura y de acampada contempla la construcci\u00f3n de un\u00a0edificio que <a href=\"https:\/\/cadenaser.com\/tag\/benidorm\/a\/\" target=\"_blank\" rel=\"noopener\">contar\u00e1 con un m\u00f3dulo de vestuarios y aseos, una cocina  exterior, zona de juegos y una zona de acampada anexa a los espacios del Parque de la S\u00e8quia Mare<\/a>.<\/p>   <p>La parcela en la que se ubica la edificaci\u00f3n tiene una superficie de 2.626 metros cuadrados y la edificaci\u00f3n que lleva aparejada no llegar\u00e1 al 5% de la superficie total del parque, ya que la ocupaci\u00f3n en planta del edificio es de 955 metros cuadrados y la superficie total del parque es de 60.883 metros cuadrados. Por otra parte, la zona de acampada se ha planteado respetando al 100% los senderos y abancalamientos existentes.<\/p>  <p><p>M\u00e1s informaci\u00f3n<\/p><figure><img loading=\"lazy\" decoding=\"async\" src=\"https:\/\/cadenaser.com\/resizer\/v2\/N25TBGNRCZGM5KRRANDDRME3DQ.jpeg?auth=6b71ab374d752077cc431bed66484201f47576d0447980859038869bfe9813a9&amp;quality=70&amp;width=360&amp;height=202&amp;smart=true\" width=\"820\" height=\"621\" \/><\/figure><ul><li><a href=\"https:\/\/cadenaser.com\/comunitat-valenciana\/2024\/10\/28\/huelga-de-autobuses-en-benidorm-largas-esperas-en-el-transporte-urbano-y-normalidad-en-el-escolar-radio-benidorm\/\"><span>Huelga de autobuses en Benidorm: largas esperas en el transporte urbano y normalidad en el escolar<\/span><\/a><\/li><\/ul><\/p>   <p>Unas instalaciones que, en palabras del alcalde, \u201ccontribuyen a poner en valor los elementos hist\u00f3ricos de la ciudad en un punto en el que  todav\u00eda existen vestigios de la S\u00e8quia Mare, que formaba parte del antigua sistema del Riego Mayor de Polop, que abastec\u00eda de agua de riego las zonas de huerta cultivables del t\u00e9rmino municipal\u201d.<\/p>   <p>La creaci\u00f3n del Parque de la S\u00e8quia Mare ya contemplaba un centro de interpretaci\u00f3n, albergue, zona de acampada y multiaventura. \u201cEstaba contemplado en nuestra estrategia de acometer actuaciones de  rehabilitaci\u00f3n y puesta en valor de los activos p\u00fablicos, abri\u00e9ndolos  al p\u00fablico y al uso ciudadano\u201d, afirma el alcalde.<\/p>   <p>     .c-w{         max-width:444px;         width:100%;         margin:32px auto;      background:#00755E;         border-radius:4px;         display:flex;         align-items:center;         justify-content:center;     }     .c-w a{         display:flex;         align-items:center;         justify-content:center;         padding:4px 24px;     }     .c-w img{         width:24px;         margin-right:12px;     }     .c-w p{         font:18px\/25px Poppins;         text-align:center;         color:#fff;         margin:0;     }     @media (max-width:444px){         .c-w a{             padding:4px 12px;         }         .c-w img{             width:24px;             margin-right:8px;         }         .c-w p{             font:14px\/25px Poppins;         }     }     @media (max-width:335px){         .c-w p{             font:13px\/25px Poppins;         }     }  <div class=\"c-w\">     <a href=\"https:\/\/www.whatsapp.com\/channel\/0029Va633PF9WtC4l7XUzh1e\" target=\"_blank\" rel=\"noopener\">         <img decoding=\"async\" src=\"https:\/\/cadenaser.com\/estaticos\/recursosgraficos\/responsive\/img\/ico-whatsapp.svg\" alt=\"Whatsapp\">         <p>\u00danete al <b>canal de WhatsApp<\/b> de la SER<\/p>     <\/a> <\/div><\/p>   <p>El proyecto se enmarca en el Plan de Recuperaci\u00f3n, Transformaci\u00f3n y  Resiliencia financiado por la Uni\u00f3n Europea-Next Generation.<\/p> ","protected":false},"excerpt":{"rendered":"<p>La oposici\u00f3n preguntaba por la apertura del albergue la semana pasada<\/p>\n","protected":false},"author":0,"featured_media":9876,"comment_status":"open","ping_status":"open","sticky":false,"template":"","format":"standard","meta":{"_acf_changed":false,"footnotes":""},"categories":[1],"tags":[],"class_list":["post-9875","post","type-post","status-publish","format-standard","has-post-thumbnail","hentry","category-sin-categoria"],"acf":{"ser_id":"UKDVIVVHEFAUNN2QDDNCKH2LN4","ser_url":"https:\/\/cadenaser.com\/comunitat-valenciana\/2024\/10\/28\/aprobado-el-proyecto-multiaventura-de-la-sequia-mare-de-benidorm-con-725000-euros-de-inversion-europea-radio-benidorm\/"},"_links":{"self":[{"href":"https:\/\/serbenidorm.daliisolutions.com\/index.php\/wp-json\/wp\/v2\/posts\/9875","targetHints":{"allow":["GET"]}}],"collection":[{"href":"https:\/\/serbenidorm.daliisolutions.com\/index.php\/wp-json\/wp\/v2\/posts"}],"about":[{"href":"https:\/\/serbenidorm.daliisolutions.com\/index.php\/wp-json\/wp\/v2\/types\/post"}],"replies":[{"embeddable":true,"href":"https:\/\/serbenidorm.daliisolutions.com\/index.php\/wp-json\/wp\/v2\/comments?post=9875"}],"version-history":[{"count":0,"href":"https:\/\/serbenidorm.daliisolutions.com\/index.php\/wp-json\/wp\/v2\/posts\/9875\/revisions"}],"wp:featuredmedia":[{"embeddable":true,"href":"https:\/\/serbenidorm.daliisolutions.com\/index.php\/wp-json\/wp\/v2\/media\/9876"}],"wp:attachment":[{"href":"https:\/\/serbenidorm.daliisolutions.com\/index.php\/wp-json\/wp\/v2\/media?parent=9875"}],"wp:term":[{"taxonomy":"category","embeddable":true,"href":"https:\/\/serbenidorm.daliisolutions.com\/index.php\/wp-json\/wp\/v2\/categories?post=9875"},{"taxonomy":"post_tag","embeddable":true,"href":"https:\/\/serbenidorm.daliisolutions.com\/index.php\/wp-json\/wp\/v2\/tags?post=9875"}],"curies":[{"name":"wp","href":"https:\/\/api.w.org\/{rel}","templated":true}]}}