{"id":9888,"date":"2024-10-29T11:54:55","date_gmt":"2024-10-29T10:54:55","guid":{"rendered":"https:\/\/serbenidorm.daliisolutions.com\/index.php\/2024\/10\/29\/el-sporting-la-nucia-debuta-en-copa-ante-el-picassent\/"},"modified":"2024-10-29T11:54:55","modified_gmt":"2024-10-29T10:54:55","slug":"el-sporting-la-nucia-debuta-en-copa-ante-el-picassent","status":"publish","type":"post","link":"https:\/\/serbenidorm.daliisolutions.com\/index.php\/2024\/10\/29\/el-sporting-la-nucia-debuta-en-copa-ante-el-picassent\/","title":{"rendered":"El Sporting La Nuc\u00eda debuta en Copa ante el Picassent"},"content":{"rendered":"  <p>Benidorm<\/p>   <p>Tras haber conseguido sumar su primer triunfo liguero de la actual temporada el pasado fin de semana en la cancha del Ibiza, el Sporting La Nuc\u00eda afronta este martes (21:00 horas) un nuevo asalto competitivo con la disputa de la eliminatoria de Copa del Rey en la que comparecer\u00e1n 64 equipos y en la que el bombo ha querido medir a los rojillos con el Picassent.<\/p>   <p>Al contrario que su rival valenciano, el Sporting La Nuc\u00eda no ha tenido que disputar la fase previa de la competici\u00f3n del KO, por lo que el partido de esta noche supondr\u00e1 el debut de los de \u2018Dada\u2019 en un torneo que, en esta fase, se disputa a partido \u00fanico y en casa del rival de inferior categor\u00eda, en esta caso el Picassent.<\/p>  <p><p>M\u00e1s informaci\u00f3n<\/p><figure><img loading=\"lazy\" decoding=\"async\" src=\"https:\/\/cadenaser.com\/resizer\/v2\/AL27RIX5WNB6LI7CC6PBNE4QOI.JPG?auth=428a06a8f8bd8a400543dccce089693cc818cde817b5d13fe3d49c5fedf565d1&amp;quality=70&amp;width=360&amp;height=202&amp;smart=true\" width=\"820\" height=\"621\" \/><\/figure><ul><li><a href=\"https:\/\/cadenaser.com\/comunitat-valenciana\/2024\/09\/04\/todos-los-partidos-horarios-y-resultados-del-sporting-futbol-sala-la-nucia-radio-benidorm\/\"><span>Todos los partidos, horarios y resultados del Sporting F\u00fatbol Sala La Nuc\u00eda<\/span><\/a><\/li><\/ul><\/p>   <p>Los valencianos, que militan en la Segunda Divisi\u00f3n B (desde la que el pasado a\u00f1o ascendi\u00f3 el <a href=\"https:\/\/cadenaser.com\/tag\/sporting_futbol_sala_la_nucia\/a\/\" target=\"_blank\" rel=\"noopener\">Sporting La Nuc\u00eda<\/a> a la categor\u00eda de plata del f\u00fatbol sala nacional) llegan en plena forma a este choque ante los rojillos, habiendo sumado seis victorias en siete partidos disputados en liga, a los que hay que sumar tambi\u00e9n los dos triunfos obtenido en las fases previas de la Copa del Rey ante el Pu\u00e7ol (1-5) y el Playas de Castell\u00f3n (4-3).<\/p>   <p>Por su parte, el Sporting La Nuc\u00eda sigue en pleno proceso de adaptaci\u00f3n a la Segunda Divisi\u00f3n y no ha sido hasta el pasado fin de semana, en la sexta jornada de competici\u00f3n, cuando <a href=\"https:\/\/cadenaser.com\/comunitat-valenciana\/2024\/10\/28\/victoria-balsamica-para-el-sporting-la-nucia-radio-benidorm\/\" target=\"_blank\" rel=\"noopener\">ha conseguido su primer triunfo del curso imponi\u00e9ndose al Ibiza a domicilio (2-4)<\/a>, por lo que los chicos de \u2018Dada\u2019 procurar\u00e1n ahora prolongar esa buena din\u00e1mica en Copa.<\/p> ","protected":false},"excerpt":{"rendered":"<p>Los rojillos buscar\u00e1n su segunda victoria consecutiva para lograr un puesto en dieciseisavos de final<\/p>\n","protected":false},"author":0,"featured_media":9889,"comment_status":"open","ping_status":"open","sticky":false,"template":"","format":"standard","meta":{"_acf_changed":false,"footnotes":""},"categories":[16],"tags":[],"class_list":["post-9888","post","type-post","status-publish","format-standard","has-post-thumbnail","hentry","category-deportes"],"acf":{"ser_id":"7RMIFRLTLFHVBLIUN7XEQYLR64","ser_url":"https:\/\/cadenaser.com\/comunitat-valenciana\/2024\/10\/29\/el-sporting-la-nucia-debuta-en-copa-ante-el-picassent-radio-benidorm\/"},"_links":{"self":[{"href":"https:\/\/serbenidorm.daliisolutions.com\/index.php\/wp-json\/wp\/v2\/posts\/9888","targetHints":{"allow":["GET"]}}],"collection":[{"href":"https:\/\/serbenidorm.daliisolutions.com\/index.php\/wp-json\/wp\/v2\/posts"}],"about":[{"href":"https:\/\/serbenidorm.daliisolutions.com\/index.php\/wp-json\/wp\/v2\/types\/post"}],"replies":[{"embeddable":true,"href":"https:\/\/serbenidorm.daliisolutions.com\/index.php\/wp-json\/wp\/v2\/comments?post=9888"}],"version-history":[{"count":0,"href":"https:\/\/serbenidorm.daliisolutions.com\/index.php\/wp-json\/wp\/v2\/posts\/9888\/revisions"}],"wp:featuredmedia":[{"embeddable":true,"href":"https:\/\/serbenidorm.daliisolutions.com\/index.php\/wp-json\/wp\/v2\/media\/9889"}],"wp:attachment":[{"href":"https:\/\/serbenidorm.daliisolutions.com\/index.php\/wp-json\/wp\/v2\/media?parent=9888"}],"wp:term":[{"taxonomy":"category","embeddable":true,"href":"https:\/\/serbenidorm.daliisolutions.com\/index.php\/wp-json\/wp\/v2\/categories?post=9888"},{"taxonomy":"post_tag","embeddable":true,"href":"https:\/\/serbenidorm.daliisolutions.com\/index.php\/wp-json\/wp\/v2\/tags?post=9888"}],"curies":[{"name":"wp","href":"https:\/\/api.w.org\/{rel}","templated":true}]}}