{"id":9890,"date":"2024-10-29T11:54:56","date_gmt":"2024-10-29T10:54:56","guid":{"rendered":"https:\/\/serbenidorm.daliisolutions.com\/index.php\/2024\/10\/29\/el-huesitos-la-vila-rugby-reunio-a-sus-patrocinadores-para-agradecerles-su-apoyo\/"},"modified":"2024-10-29T11:54:56","modified_gmt":"2024-10-29T10:54:56","slug":"el-huesitos-la-vila-rugby-reunio-a-sus-patrocinadores-para-agradecerles-su-apoyo","status":"publish","type":"post","link":"https:\/\/serbenidorm.daliisolutions.com\/index.php\/2024\/10\/29\/el-huesitos-la-vila-rugby-reunio-a-sus-patrocinadores-para-agradecerles-su-apoyo\/","title":{"rendered":"El Huesitos La Vila Rugby reuni\u00f3 a sus patrocinadores para agradecerles su apoyo"},"content":{"rendered":"  <p>Benidorm<\/p>   <p>En el d\u00eda de ayer, los socios patrocinadores y los patrocinadores principales del club se reunieron en una comida en el Hogar del Pescador en La Vila en el que el club les hizo entrega de la nueva indumentaria de la que forman parte.<\/p>   <p>Asistieron al acto el concejal de Deportes, D. Peyo Lloret, el presidente de Chocolates Valor, D. Pedro L\u00f3pez, as\u00ed como una representaci\u00f3n de todas las empresas que sustentan el presupuesto del equipo vilero para la divisi\u00f3n de honor, Construcciones JM, Activa, Caja Rural Central, Llorca Group, Camping El Torres, All\u00f3n Mediterr\u00e1nea, \u00danico Veh\u00edculos, Studio HC, Macron, Cl\u00ednica Benidorm y Servigroup, \u00faltima incorporaci\u00f3n al equipo. Excusaron su asistencia la Fundaci\u00f3n Trinidad Alfonso, el diario Informaci\u00f3n, TM Inmobiliaria y Electricidad Llinares.<\/p>   <p>Para el presidente del club, D. Guillem Carri\u00f3n \u201cno estar\u00edamos aqu\u00ed si no fuera por la confianza que ten\u00e9is en el equipo y vuestro apoyo financiero. Estamos orgullosos del buen comienzo de temporada, ten\u00edamos mucho miedo de nuestra vuelta a la divisi\u00f3n de honor tras la anterior experiencia, pero gracias al esfuerzo del staff, del equipo de gesti\u00f3n y de la junta, podemos decir que hemos conseguido un proyecto para competir. Os agradecemos a todos las aportaciones y esperemos que juntos podamos hacer un club sostenible en el tiempo consolidado en la \u00e9lite\u201d<\/p>   <p>Esta semana el equipo descansa y retoma la actividad el s\u00e1bado 2 en su visita a Valladolid para enfrentarse al Club de Rugby El Salvador.<\/p> ","protected":false},"excerpt":{"rendered":"<p>El equipo vilero descansa esta semana antes de afrontar un complicado partido ante El Salvador<\/p>\n","protected":false},"author":0,"featured_media":9891,"comment_status":"open","ping_status":"open","sticky":false,"template":"","format":"standard","meta":{"_acf_changed":false,"footnotes":""},"categories":[16],"tags":[],"class_list":["post-9890","post","type-post","status-publish","format-standard","has-post-thumbnail","hentry","category-deportes"],"acf":{"ser_id":"A6ULENHFBNDU3F3MO7XP56OE2M","ser_url":"https:\/\/cadenaser.com\/comunitat-valenciana\/2024\/10\/29\/el-huesitos-la-vila-rugby-reunio-a-sus-patrocinadores-para-agradecerles-su-apoyo-radio-benidorm\/"},"_links":{"self":[{"href":"https:\/\/serbenidorm.daliisolutions.com\/index.php\/wp-json\/wp\/v2\/posts\/9890","targetHints":{"allow":["GET"]}}],"collection":[{"href":"https:\/\/serbenidorm.daliisolutions.com\/index.php\/wp-json\/wp\/v2\/posts"}],"about":[{"href":"https:\/\/serbenidorm.daliisolutions.com\/index.php\/wp-json\/wp\/v2\/types\/post"}],"replies":[{"embeddable":true,"href":"https:\/\/serbenidorm.daliisolutions.com\/index.php\/wp-json\/wp\/v2\/comments?post=9890"}],"version-history":[{"count":0,"href":"https:\/\/serbenidorm.daliisolutions.com\/index.php\/wp-json\/wp\/v2\/posts\/9890\/revisions"}],"wp:featuredmedia":[{"embeddable":true,"href":"https:\/\/serbenidorm.daliisolutions.com\/index.php\/wp-json\/wp\/v2\/media\/9891"}],"wp:attachment":[{"href":"https:\/\/serbenidorm.daliisolutions.com\/index.php\/wp-json\/wp\/v2\/media?parent=9890"}],"wp:term":[{"taxonomy":"category","embeddable":true,"href":"https:\/\/serbenidorm.daliisolutions.com\/index.php\/wp-json\/wp\/v2\/categories?post=9890"},{"taxonomy":"post_tag","embeddable":true,"href":"https:\/\/serbenidorm.daliisolutions.com\/index.php\/wp-json\/wp\/v2\/tags?post=9890"}],"curies":[{"name":"wp","href":"https:\/\/api.w.org\/{rel}","templated":true}]}}