{"id":9896,"date":"2024-10-29T15:39:00","date_gmt":"2024-10-29T14:39:00","guid":{"rendered":"https:\/\/serbenidorm.daliisolutions.com\/index.php\/2024\/10\/29\/benidorm-y-la-marina-baixa-escapan-por-el-momento-de-lo-peor-de-la-tormenta\/"},"modified":"2024-10-29T15:39:00","modified_gmt":"2024-10-29T14:39:00","slug":"benidorm-y-la-marina-baixa-escapan-por-el-momento-de-lo-peor-de-la-tormenta","status":"publish","type":"post","link":"https:\/\/serbenidorm.daliisolutions.com\/index.php\/2024\/10\/29\/benidorm-y-la-marina-baixa-escapan-por-el-momento-de-lo-peor-de-la-tormenta\/","title":{"rendered":"Benidorm y la Marina Baixa escapan por el momento de lo peor de la tormenta"},"content":{"rendered":"  <p>Benidorm<\/p>   <p>En contraste con lo que est\u00e1 ocurriendo en otros puntos de la geograf\u00eda peninsular, algunos de ellos cercanos a la Marina Baixa, Benidorm y la comarca han escapado por el momento de lo peor de la DANA.<\/p>   <p><a href=\"https:\/\/cadenaser.com\/tag\/comarca_la_marina_baixa\/a\/\" target=\"_blank\" rel=\"noopener\">Despu\u00e9s de una noche y una ma\u00f1ana en la que la lluvia ha sido constante las cantidades de agua recogidas, seg\u00fan la Agencia Valenciana de Meteorolog\u00eda (AVAMET), no llegan en ning\u00fan caso a los 20 litros por metro cuadrado<\/a>. Una intensidad incapaz de provocar da\u00f1os en las cosas o en las personas.<\/p>   <p><p>M\u00e1s informaci\u00f3n<\/p><ul><li><a href=\"https:\/\/cadenaser.com\/comunitat-valenciana\/2024\/10\/28\/elche-santa-pola-y-crevillent-cancelan-manana-martes-las-clases-por-la-prevision-de-fuertes-lluvias-radio-elche\/\"><span>Elche, Santa Pola y Crevillent cancelan las clases por la previsi\u00f3n de fuertes lluvias<\/span><\/a><\/li><\/ul><\/p>   <p>El dato m\u00e1s alto es por ahora el de Sella con 14 litros, mientras que en las localidades costeras los valores m\u00e1ximos de precipitaci\u00f3n acumulados no han pasado de los 10 litros por metro cuadrado, con una marca m\u00ednima de 4 litros en el Club N\u00e1utico de Altea.<\/p>   <p>Tampoco han sido significativas las incidencias por viento, que no ha soplado con gran intensidad en la Marina Baixa, donde se ha registrado una racha m\u00e1xima de 70 kil\u00f3metros por hora en Finestrat.<\/p>   <p>Prevenci\u00f3n en l&#8217;Alf\u00e0s<\/p>   <p>S\u00f3lo l&#8217;Alf\u00e0s del Pi ha activado medidas preventivas para evitar incidencias ante un temporal que, seg\u00fan las \u00faltimas previsiones, todav\u00eda podr\u00eda ganar algo de intensidad en las horas vespertinas. All\u00ed, el equipo de gobierno local ha anunciado el cierre de parques p\u00fablicos y zonas de juego infantiles de la localidad \u00abcon el fin de prevenir incidentes y garantizar la seguridad ciudadana\u00bb.<\/p>   <p>     .c-w{         max-width:444px;         width:100%;         margin:32px auto;      background:#00755E;         border-radius:4px;         display:flex;         align-items:center;         justify-content:center;     }     .c-w a{         display:flex;         align-items:center;         justify-content:center;         padding:4px 24px;     }     .c-w img{         width:24px;         margin-right:12px;     }     .c-w p{         font:18px\/25px Poppins;         text-align:center;         color:#fff;         margin:0;     }     @media (max-width:444px){         .c-w a{             padding:4px 12px;         }         .c-w img{             width:24px;             margin-right:8px;         }         .c-w p{             font:14px\/25px Poppins;         }     }     @media (max-width:335px){         .c-w p{             font:13px\/25px Poppins;         }     }  <div class=\"c-w\">     <a href=\"https:\/\/www.whatsapp.com\/channel\/0029Va633PF9WtC4l7XUzh1e\" target=\"_blank\" rel=\"noopener\">         <img decoding=\"async\" src=\"https:\/\/cadenaser.com\/estaticos\/recursosgraficos\/responsive\/img\/ico-whatsapp.svg\" alt=\"Whatsapp\">         <p>\u00danete al <b>canal de WhatsApp<\/b> de la SER<\/p>     <\/a> <\/div><\/p>   <p>Previsi\u00f3n para los pr\u00f3ximos d\u00edas<\/p>   <p>Seg\u00fan la Agencia Estatal de Meteorolog\u00eda (AEMET) en Benidorm las probabilidades de lluvia durante el mi\u00e9rcoles oscilan, dependiendo de la hora, entre el 0 y el 30 %. Sin embargo, no conviene olvidarse del paraguas porque los chubascos seguir\u00e1n protagonizando las previsiones hasta la semana que viene, especialmente el s\u00e1bado. Las alarmas en cualquier caso se desactivan y tampoco se esperan cambios significativos en las temperaturas.<\/p> ","protected":false},"excerpt":{"rendered":"<p>L&#8217;Alf\u00e0s del Pi ha cerrado sus parques p\u00fablicos y juegos infantiles para evitar accidentes<\/p>\n","protected":false},"author":0,"featured_media":9897,"comment_status":"open","ping_status":"open","sticky":false,"template":"","format":"standard","meta":{"_acf_changed":false,"footnotes":""},"categories":[1],"tags":[],"class_list":["post-9896","post","type-post","status-publish","format-standard","has-post-thumbnail","hentry","category-sin-categoria"],"acf":{"ser_id":"4E6M3FVLNNDCFECECLVQ4XRNQ4","ser_url":"https:\/\/cadenaser.com\/comunitat-valenciana\/2024\/10\/29\/benidorm-y-la-marina-baixa-escapan-por-el-momento-de-lo-peor-de-la-tormenta-radio-benidorm\/"},"_links":{"self":[{"href":"https:\/\/serbenidorm.daliisolutions.com\/index.php\/wp-json\/wp\/v2\/posts\/9896","targetHints":{"allow":["GET"]}}],"collection":[{"href":"https:\/\/serbenidorm.daliisolutions.com\/index.php\/wp-json\/wp\/v2\/posts"}],"about":[{"href":"https:\/\/serbenidorm.daliisolutions.com\/index.php\/wp-json\/wp\/v2\/types\/post"}],"replies":[{"embeddable":true,"href":"https:\/\/serbenidorm.daliisolutions.com\/index.php\/wp-json\/wp\/v2\/comments?post=9896"}],"version-history":[{"count":0,"href":"https:\/\/serbenidorm.daliisolutions.com\/index.php\/wp-json\/wp\/v2\/posts\/9896\/revisions"}],"wp:featuredmedia":[{"embeddable":true,"href":"https:\/\/serbenidorm.daliisolutions.com\/index.php\/wp-json\/wp\/v2\/media\/9897"}],"wp:attachment":[{"href":"https:\/\/serbenidorm.daliisolutions.com\/index.php\/wp-json\/wp\/v2\/media?parent=9896"}],"wp:term":[{"taxonomy":"category","embeddable":true,"href":"https:\/\/serbenidorm.daliisolutions.com\/index.php\/wp-json\/wp\/v2\/categories?post=9896"},{"taxonomy":"post_tag","embeddable":true,"href":"https:\/\/serbenidorm.daliisolutions.com\/index.php\/wp-json\/wp\/v2\/tags?post=9896"}],"curies":[{"name":"wp","href":"https:\/\/api.w.org\/{rel}","templated":true}]}}