{"id":9915,"date":"2024-10-29T19:28:19","date_gmt":"2024-10-29T18:28:19","guid":{"rendered":"https:\/\/serbenidorm.daliisolutions.com\/index.php\/2024\/10\/29\/la-barra-libre-se-refuerza-leo-alonso-se-suma-a-los-tertulianos-de-radio-benidorm\/"},"modified":"2024-10-29T19:28:19","modified_gmt":"2024-10-29T18:28:19","slug":"la-barra-libre-se-refuerza-leo-alonso-se-suma-a-los-tertulianos-de-radio-benidorm","status":"publish","type":"post","link":"https:\/\/serbenidorm.daliisolutions.com\/index.php\/2024\/10\/29\/la-barra-libre-se-refuerza-leo-alonso-se-suma-a-los-tertulianos-de-radio-benidorm\/","title":{"rendered":"La Barra Libre se refuerza: Leo Alonso se suma a los tertulianos de Radio Benidorm"},"content":{"rendered":"  <p>Benidorm<\/p>   <p>El <a href=\"https:\/\/cadenaser.com\/tag\/club_balonmano_benidorm\/a\/\" target=\"_blank\" rel=\"noopener\">Servigroup Balonmano Benidorm<\/a> afronta esta semana una intensa carga de trabajo que arranc\u00f3 ya el pasado domingo con la disputa del <a href=\"https:\/\/cadenaser.com\/comunitat-valenciana\/2024\/10\/28\/nueva-derrota-por-la-minima-para-el-balonmano-benidorm-radio-benidorm\/\" target=\"_blank\" rel=\"noopener\">partido en Puente Genil y que los de Sergio Carballeira perdieron por la m\u00ednima<\/a> y que seguir\u00e1 el mi\u00e9rcoles con la primera ronda de Copa del Rey, en la que los benidormenses volver\u00e1n a actuar como visitantes ante Agustinos de Alicante y culminar\u00e1 el s\u00e1bado (18:00 horas) en el Palau d\u2019Esports con la importante visita del Aranda.<\/p>   <p><p>M\u00e1s informaci\u00f3n<\/p><ul><li><a href=\"https:\/\/cadenaser.com\/comunitat-valenciana\/2024\/10\/17\/el-club-balonmano-benidorm-renueva-a-leo-alonso-hasta-2026-radio-benidorm\/\"><span>El Club Balonmano Benidorm renueva a Leo Alonso hasta 2026<\/span><\/a><\/li><\/ul><\/p>   <p>Ante esta acumulaci\u00f3n de trabajo, la tertulia del balonmano de <a href=\"https:\/\/cadenaser.com\/radio-benidorm\/\" target=\"_blank\" rel=\"noopener\">Radio Benidorm-SER<\/a> ha sumado este martes a un nuevo \u2018fichaje\u2019 en la figura de Leo Alonso, que ha llegado en calidad de cedido hasta que la evoluci\u00f3n de su lesi\u00f3n le permita volver a entrenar y trabajar junto al resto de sus compa\u00f1eros a las \u00f3rdenes de Sergio Carballeira.<\/p>   <p>El jugador c\u00e1ntabro ha debutado en sus rol de comentarista junto a Carlos Grau, Pedro Mu\u00f1oz, Vicente Fuster, Barroso y al que hasta el a\u00f1o pasado fuera su segundo entrenador, Pedro Mu\u00f1oz.<\/p> ","protected":false},"excerpt":{"rendered":"<p>Los partidos ante Puente Genil, Agustinos y Aranda centran el debate de SER Deportivos<\/p>\n","protected":false},"author":0,"featured_media":9916,"comment_status":"open","ping_status":"open","sticky":false,"template":"","format":"standard","meta":{"_acf_changed":false,"footnotes":""},"categories":[16],"tags":[],"class_list":["post-9915","post","type-post","status-publish","format-standard","has-post-thumbnail","hentry","category-deportes"],"acf":{"ser_id":"DR7SMRE7TJC7NC5ACKRK2JBI5Y","ser_url":"https:\/\/cadenaser.com\/comunitat-valenciana\/2024\/10\/29\/la-barra-libre-se-refuerza-leo-alonso-se-suma-a-los-tertulianos-de-radio-benidorm-radio-benidorm\/"},"_links":{"self":[{"href":"https:\/\/serbenidorm.daliisolutions.com\/index.php\/wp-json\/wp\/v2\/posts\/9915","targetHints":{"allow":["GET"]}}],"collection":[{"href":"https:\/\/serbenidorm.daliisolutions.com\/index.php\/wp-json\/wp\/v2\/posts"}],"about":[{"href":"https:\/\/serbenidorm.daliisolutions.com\/index.php\/wp-json\/wp\/v2\/types\/post"}],"replies":[{"embeddable":true,"href":"https:\/\/serbenidorm.daliisolutions.com\/index.php\/wp-json\/wp\/v2\/comments?post=9915"}],"version-history":[{"count":0,"href":"https:\/\/serbenidorm.daliisolutions.com\/index.php\/wp-json\/wp\/v2\/posts\/9915\/revisions"}],"wp:featuredmedia":[{"embeddable":true,"href":"https:\/\/serbenidorm.daliisolutions.com\/index.php\/wp-json\/wp\/v2\/media\/9916"}],"wp:attachment":[{"href":"https:\/\/serbenidorm.daliisolutions.com\/index.php\/wp-json\/wp\/v2\/media?parent=9915"}],"wp:term":[{"taxonomy":"category","embeddable":true,"href":"https:\/\/serbenidorm.daliisolutions.com\/index.php\/wp-json\/wp\/v2\/categories?post=9915"},{"taxonomy":"post_tag","embeddable":true,"href":"https:\/\/serbenidorm.daliisolutions.com\/index.php\/wp-json\/wp\/v2\/tags?post=9915"}],"curies":[{"name":"wp","href":"https:\/\/api.w.org\/{rel}","templated":true}]}}