{"id":9921,"date":"2024-10-29T20:44:06","date_gmt":"2024-10-29T19:44:06","guid":{"rendered":"https:\/\/serbenidorm.daliisolutions.com\/index.php\/2024\/10\/29\/zona-de-bajas-emisiones-de-benidorm-asi-seran-los-permisos-de-acceso-para-hoteles-parkings-o-transporte-discrecional\/"},"modified":"2024-10-29T20:44:06","modified_gmt":"2024-10-29T19:44:06","slug":"zona-de-bajas-emisiones-de-benidorm-asi-seran-los-permisos-de-acceso-para-hoteles-parkings-o-transporte-discrecional","status":"publish","type":"post","link":"https:\/\/serbenidorm.daliisolutions.com\/index.php\/2024\/10\/29\/zona-de-bajas-emisiones-de-benidorm-asi-seran-los-permisos-de-acceso-para-hoteles-parkings-o-transporte-discrecional\/","title":{"rendered":"Zona de Bajas Emisiones de Benidorm: as\u00ed ser\u00e1n los permisos de acceso para hoteles, parkings o transporte discrecional"},"content":{"rendered":"  <p>Benidorm<\/p>   <p>El  Ayuntamiento de Benidorm ha iniciado una ronda de encuentros con representantes de sectores clave con el objetivo de coordinar la aplicaci\u00f3n de la  normativa de la Zona de Bajas Emisiones (ZBE). Este martes han tenido lugar las primeras reuniones con colectivos implicados, en este caso con hoteles, aparcamientos y el transporte discrecional.<\/p>   <p>El edil de Movilidad, Francis Mu\u00f1oz, ha incidido en la importancia de estos encuentros: \u00abUna primera toma de contacto con la que se busca la colaboraci\u00f3n entre todos los sectores implicados con el fin de garantizar una transici\u00f3n efectiva hacia un modelo de movilidad todav\u00eda m\u00e1s sostenible, as\u00ed como establecer un di\u00e1logo que nos permita resolver dudas y abordar  situaciones espec\u00edficas de cada sector para dar la mejor respuesta posible <a href=\"https:\/\/cadenaser.com\/tag\/benidorm\/a\/\" target=\"_blank\" rel=\"noopener\">siempre en consonancia con lo establecido en la Ordenanza de Movilidad\u00bb<\/a>.<\/p>   <p>Clientes de hoteles<\/p>   <p>En el caso de los establecimientos hoteleros, el consistorio ha mostrado a los gestores c\u00f3mo tramitar los permisos de acceso de sus  clientes mediante una plataforma digital, con el fin de hacer uso de su aparcamiento interior o de la zona de carga y descarga de viajeros en la v\u00eda p\u00fablica. <\/p>  <p><p>M\u00e1s informaci\u00f3n<\/p><figure><img loading=\"lazy\" decoding=\"async\" src=\"https:\/\/cadenaser.com\/resizer\/v2\/WOANCWXYRFA6JM4KITYRGJDFTE.jpg?auth=bdca0d3f6e7f30402a28523ac87b7c77bd8ec8ed66b79b781d8b49b123943ecd&amp;quality=70&amp;width=360&amp;height=202&amp;smart=true\" width=\"820\" height=\"621\" \/><\/figure><ul><li><a href=\"https:\/\/cadenaser.com\/comunitat-valenciana\/2024\/10\/28\/aprobado-el-proyecto-multiaventura-de-la-sequia-mare-de-benidorm-con-725000-euros-de-inversion-europea-radio-benidorm\/\"><span>Aprobado el proyecto multiaventura de la S\u00e8quia Mare de Benidorm con 725.000 euros de inversi\u00f3n europea<\/span><\/a><\/li><\/ul><\/p>   <p>Habr\u00e1 dos tipos de permisos; los puntuales, destinados a estancias cortas; y permisos permanentes, aplicables a clientes con estancias prolongadas, siempre que los veh\u00edculos cumplan los requisitos establecidos.<\/p>   <p>Los responsables de los hoteles han recibido indicaciones sobre c\u00f3mo enviar las matr\u00edculas de los veh\u00edculos de sus clientes, disponiendo de un plazo de antelaci\u00f3n de 3 meses y un retraso m\u00e1ximo de cinco d\u00edas desde el acceso para informar al Ayuntamiento de aquellos que hagan uso de los aparcamientos o de las \u00e1reas de carga y descarga.<\/p>   <p>     .c-w{         max-width:444px;         width:100%;         margin:32px auto;      background:#00755E;         border-radius:4px;         display:flex;         align-items:center;         justify-content:center;     }     .c-w a{         display:flex;         align-items:center;         justify-content:center;         padding:4px 24px;     }     .c-w img{         width:24px;         margin-right:12px;     }     .c-w p{         font:18px\/25px Poppins;         text-align:center;         color:#fff;         margin:0;     }     @media (max-width:444px){         .c-w a{             padding:4px 12px;         }         .c-w img{             width:24px;             margin-right:8px;         }         .c-w p{             font:14px\/25px Poppins;         }     }     @media (max-width:335px){         .c-w p{             font:13px\/25px Poppins;         }     }  <div class=\"c-w\">     <a href=\"https:\/\/www.whatsapp.com\/channel\/0029Va633PF9WtC4l7XUzh1e\" target=\"_blank\" rel=\"noopener\">         <img decoding=\"async\" src=\"https:\/\/cadenaser.com\/estaticos\/recursosgraficos\/responsive\/img\/ico-whatsapp.svg\" alt=\"Whatsapp\">         <p>\u00danete al <b>canal de WhatsApp<\/b> de la SER<\/p>     <\/a> <\/div><\/p>   <p>Aparcamientos p\u00fablicos<\/p>   <p>En el caso de los aparcamientos p\u00fablicos, tambi\u00e9n existen permisos  puntuales (con validez para un d\u00eda concreto asociado a plazas de rotaci\u00f3n) y permanentes (con vigencia indefinida y asociados a plazas de abonados).<\/p>   <p>Los gestores de parkings deben comunicar las matr\u00edculas de sus clientes. Para aquellos que cuentan con sistemas de captaci\u00f3n autom\u00e1tica de matr\u00edculas, se ha establecido un proceso de integraci\u00f3n que facilita la comunicaci\u00f3n sencilla de los datos de sus clientes. Mientras, los aparcamientos que no dispongan de esta tecnolog\u00eda deber\u00e1n realizar la carga de matr\u00edculas manualmente, a trav\u00e9s de un formulario espec\u00edfico.<\/p>   <p>En ambos casos, se ha estipulado un plazo de cinco d\u00edas para completar esta tarea, y se ha destacado la necesidad de informar sobre el n\u00famero de plazas rotativas y de abonados.<\/p>   <p>Transporte discrecional<\/p>   <p>Por su parte, en el \u00e1mbito del transporte discrecional, se ha regulado el acceso de los autobuses a las \u00e1reas de carga y descarga de viajeros mediante una aplicaci\u00f3n digital, que permite la reserva de franjas horarias espec\u00edficas.<\/p>   <p>Los gestores de transporte deber\u00e1n hacer uso de zonas de espera fuera del centro consolidado hasta que llegue el momento de realizar las maniobras de carga y descarga, con el fin de evitar la congesti\u00f3n del tr\u00e1fico en las horas punta. \u201cEsta nueva organizaci\u00f3n  ha sido dise\u00f1ada para optimizar el flujo de veh\u00edculos, minimizar la interferencia en el tr\u00e1nsito urbano y reducir posibles molestias a los vecinos\u201d, ha destacado Francis Mu\u00f1oz.<\/p>   <p>Para facilitar la transici\u00f3n, el concejal ha explicado que se va a  proporcionar a cada colectivo implicado un manual de usuario detallado y, en caso necesario, se realizar\u00e1n nuevas reuniones sectoriales. Finalmente, ha destacado que para m\u00e1s informaci\u00f3n, se ha habilitado el correo zbe@benidorm.org.<\/p> ","protected":false},"excerpt":{"rendered":"<p>La tecnolog\u00eda y la normativa han de entrar en vigor antes del 1 de enero de 2025<\/p>\n","protected":false},"author":0,"featured_media":9922,"comment_status":"open","ping_status":"open","sticky":false,"template":"","format":"standard","meta":{"_acf_changed":false,"footnotes":""},"categories":[1],"tags":[],"class_list":["post-9921","post","type-post","status-publish","format-standard","has-post-thumbnail","hentry","category-sin-categoria"],"acf":{"ser_id":"ZKZVQLYRZFHIXCSSJVPFWIXVDM","ser_url":"https:\/\/cadenaser.com\/comunitat-valenciana\/2024\/10\/29\/zona-de-bajas-emisiones-en-benidorm-asi-seran-los-permisos-de-acceso-para-hoteles-parkings-o-transporte-discrecional-radio-benidorm\/"},"_links":{"self":[{"href":"https:\/\/serbenidorm.daliisolutions.com\/index.php\/wp-json\/wp\/v2\/posts\/9921","targetHints":{"allow":["GET"]}}],"collection":[{"href":"https:\/\/serbenidorm.daliisolutions.com\/index.php\/wp-json\/wp\/v2\/posts"}],"about":[{"href":"https:\/\/serbenidorm.daliisolutions.com\/index.php\/wp-json\/wp\/v2\/types\/post"}],"replies":[{"embeddable":true,"href":"https:\/\/serbenidorm.daliisolutions.com\/index.php\/wp-json\/wp\/v2\/comments?post=9921"}],"version-history":[{"count":0,"href":"https:\/\/serbenidorm.daliisolutions.com\/index.php\/wp-json\/wp\/v2\/posts\/9921\/revisions"}],"wp:featuredmedia":[{"embeddable":true,"href":"https:\/\/serbenidorm.daliisolutions.com\/index.php\/wp-json\/wp\/v2\/media\/9922"}],"wp:attachment":[{"href":"https:\/\/serbenidorm.daliisolutions.com\/index.php\/wp-json\/wp\/v2\/media?parent=9921"}],"wp:term":[{"taxonomy":"category","embeddable":true,"href":"https:\/\/serbenidorm.daliisolutions.com\/index.php\/wp-json\/wp\/v2\/categories?post=9921"},{"taxonomy":"post_tag","embeddable":true,"href":"https:\/\/serbenidorm.daliisolutions.com\/index.php\/wp-json\/wp\/v2\/tags?post=9921"}],"curies":[{"name":"wp","href":"https:\/\/api.w.org\/{rel}","templated":true}]}}