{"id":9937,"date":"2024-10-30T20:04:37","date_gmt":"2024-10-30T19:04:37","guid":{"rendered":"https:\/\/serbenidorm.daliisolutions.com\/index.php\/2024\/10\/30\/la-diputacion-de-alicante-pone-todos-sus-medios-a-disposicion-de-la-emergencia-por-la-dana\/"},"modified":"2024-10-30T20:04:37","modified_gmt":"2024-10-30T19:04:37","slug":"la-diputacion-de-alicante-pone-todos-sus-medios-a-disposicion-de-la-emergencia-por-la-dana","status":"publish","type":"post","link":"https:\/\/serbenidorm.daliisolutions.com\/index.php\/2024\/10\/30\/la-diputacion-de-alicante-pone-todos-sus-medios-a-disposicion-de-la-emergencia-por-la-dana\/","title":{"rendered":"La Diputaci\u00f3n de Alicante pone \u00abtodos sus medios\u00bb a disposici\u00f3n de la emergencia por la DANA"},"content":{"rendered":"  <p><\/p>   <p>Benidorm<\/p>   <p>El presidente de la Diputaci\u00f3n Provincial de Alicante y alcalde de Benidorm, <a href=\"https:\/\/cadenaser.com\/tag\/benidorm\/a\/\" target=\"_blank\" rel=\"noopener\">Toni P\u00e9rez<\/a>, ha presidido este mi\u00e9rcoles el minuto de silencio que se ha guardado a las puertas del ayuntamiento de la capital tur\u00edstica desde donde ha mandado un mensaje de apoyo a los afectados por \u201clos efectos devastadores de esta cat\u00e1strofe\u201d.<\/p>   <p>Despu\u00e9s del minuto de silencio, secundado por miembros de la corporaci\u00f3n, trabajadores municipales o participantes en el Foro de Turismo que ha acogido esta ma\u00f1ana el consistorio, P\u00e9rez ha puesto el foco en que, pasados los instantes de mayor intensidad meteorol\u00f3gica de la DANA, esta \u201ces una tragedia que todav\u00eda se est\u00e1 viviendo y que desgraciadamente se va a prolongar horas, d\u00edas\u2026 qui\u00e9n sabe hasta cuando\u201d.<\/p>  <p><p>M\u00e1s informaci\u00f3n<\/p><figure><img loading=\"lazy\" decoding=\"async\" src=\"https:\/\/cadenaser.com\/resizer\/v2\/TBKN76AG32VHXWRB3ZU7KQEILA.jpg?auth=4c74bbcfaa69b9cbdfa7537950f74fa734591620134d2cd27a97649213c7e342&amp;quality=70&amp;width=360&amp;height=202&amp;smart=true\" width=\"820\" height=\"621\" \/><\/figure><ul><li><a href=\"https:\/\/cadenaser.com\/comunitat-valenciana\/2024\/10\/30\/jorge-olcina-la-prevision-meteorologica-ha-funcionado-pero-hay-que-revisar-los-protocolos-de-emergencia-radio-valencia\/\"><span>Jorge Olcina: \u00abLa previsi\u00f3n meteorol\u00f3gica ha funcionado, pero hay que revisar los protocolos de emergencia\u00bb<\/span><\/a><\/li><\/ul><\/p>   <p>Por ello, ha valorado que \u201clos da\u00f1os son incalculables en este momento\u201d y ha querido mostrar \u201cnuestro pesar por las personas fallecidas y trasladar el p\u00e9same a sus familias y seres queridos\u201d as\u00ed como enviar \u201cmucho \u00e1nimo y acompa\u00f1amiento a las personas de los entornos de los desaparecidos\u201d.<\/p>   <p>El m\u00e1ximo responsable de la Diputaci\u00f3n Provincial de Alicante ha trasladado \u201ctodo el respeto, colaboraci\u00f3n y apoyo a los dispositivos de emergencia de las distintas administraciones que est\u00e1n ahora luchando en una tragedia que est\u00e1 sucediendo en estos momentos\u201d. <\/p>   <p>En ese mismo sentido, P\u00e9rez ha querido subrayar que, pese a que lo peor en t\u00e9rminos meteorol\u00f3gicos ya ha pasado, todav\u00eda est\u00e1n por vivirse los momentos m\u00e1s desgarradores de esta tragedia. \u201cSabemos que los momentos duros est\u00e1n empezando a vivir ahora. En los pr\u00f3ximos d\u00edas las noticias no van a ser nada halag\u00fce\u00f1as\u201d, ha afirmado en un momento en el que el conteo oficial de v\u00edctimas mortales ha alcanzado ya la cifra de 62 personas.<\/p>   <p>     .c-w{         max-width:444px;         width:100%;         margin:32px auto;      background:#00755E;         border-radius:4px;         display:flex;         align-items:center;         justify-content:center;     }     .c-w a{         display:flex;         align-items:center;         justify-content:center;         padding:4px 24px;     }     .c-w img{         width:24px;         margin-right:12px;     }     .c-w p{         font:18px\/25px Poppins;         text-align:center;         color:#fff;         margin:0;     }     @media (max-width:444px){         .c-w a{             padding:4px 12px;         }         .c-w img{             width:24px;             margin-right:8px;         }         .c-w p{             font:14px\/25px Poppins;         }     }     @media (max-width:335px){         .c-w p{             font:13px\/25px Poppins;         }     }  <div class=\"c-w\">     <a href=\"https:\/\/www.whatsapp.com\/channel\/0029Va633PF9WtC4l7XUzh1e\" target=\"_blank\" rel=\"noopener\">         <img decoding=\"async\" src=\"https:\/\/cadenaser.com\/estaticos\/recursosgraficos\/responsive\/img\/ico-whatsapp.svg\" alt=\"Whatsapp\">         <p>\u00danete al <b>canal de WhatsApp<\/b> de la SER<\/p>     <\/a> <\/div><\/p>   <p>Ayuda de los bomberos de Denia, Benidorm, Cocentaina y Elda<\/p>   <p>Pocas horas antes de que el presidente provincial compareciera en Benidorm, el Consorcio de Bomberos informaba del env\u00edo a la zona m\u00e1s afectada por los efectos de la DANA de cuatro bombas rurales pesadas y 12 bomberos de los parques de Denia, Benidorm, Cocentaina y Elda, unos efectivos que, en cualquier caso, son s\u00f3lo la avanzadilla de la ayuda que la Diputaci\u00f3n tiene prevista para la provincia vecina.<\/p>   <p>En ese sentido, Toni P\u00e9rez ha explicado que \u201cdesde ayer por la tarde, desde la Diputaci\u00f3n Provincial de Alicante, pon\u00edamos a disposici\u00f3n todos los efectivos que estaban en nuestra mano\u201d y que \u201cesta ma\u00f1ana ya han sido definitivamente coordinados porque entrada la noche se hizo muy dif\u00edcil entrar en los lugares donde la DANA ha tenido sus mayores efectos\u201d.<\/p>   <p>Unos efectivos, ha insistido P\u00e9rez, que \u201cse van a incrementar a medida que sean requeridos por quien est\u00e1 al mando de la emergencia. No s\u00f3lo efectivos del Consorcio Provincial de Bomberos, sino otros servicios de los que dispone la Diputaci\u00f3n Provincial de Alicante en todo su territorio y que ponemos al servicio para poder paliar los efectos que sobre personas y familias pueda haber conforme vayan pasando las horas\u201d.<\/p>   <p>El presidente provincial querido ser muy claro en este sentido y ha sido muy insistente a la hora de subrayar que \u201cen este momento todo lo que tenemos en la Diputaci\u00f3n Provincial de Alicante est\u00e1 al servicio de las personas que han sufrido esta grav\u00edsima DANA. No s\u00f3lo eso. Estamos pensando ya en que, por proximidad, ser\u00e1n muchas las cuestiones en las que podamos ayudar con servicios que podremos incrementar la colaboraci\u00f3n, pero siempre que seamos requeridos. Se trata de no molestar y dejar trabajar\u201d.<\/p> ","protected":false},"excerpt":{"rendered":"<p>El Consorcio Provincial de Bomberos colabora activamente desde primera hora de la ma\u00f1ana<\/p>\n","protected":false},"author":0,"featured_media":9938,"comment_status":"open","ping_status":"open","sticky":false,"template":"","format":"standard","meta":{"_acf_changed":false,"footnotes":""},"categories":[1],"tags":[],"class_list":["post-9937","post","type-post","status-publish","format-standard","has-post-thumbnail","hentry","category-sin-categoria"],"acf":{"ser_id":"3L4Y5RLLF5D7VBW7WKIBQZDYP4","ser_url":"https:\/\/cadenaser.com\/comunitat-valenciana\/2024\/10\/30\/la-diputacion-de-alicante-pone-todos-sus-medios-a-disposicion-de-la-emergencia-por-la-dana-radio-benidorm\/"},"_links":{"self":[{"href":"https:\/\/serbenidorm.daliisolutions.com\/index.php\/wp-json\/wp\/v2\/posts\/9937","targetHints":{"allow":["GET"]}}],"collection":[{"href":"https:\/\/serbenidorm.daliisolutions.com\/index.php\/wp-json\/wp\/v2\/posts"}],"about":[{"href":"https:\/\/serbenidorm.daliisolutions.com\/index.php\/wp-json\/wp\/v2\/types\/post"}],"replies":[{"embeddable":true,"href":"https:\/\/serbenidorm.daliisolutions.com\/index.php\/wp-json\/wp\/v2\/comments?post=9937"}],"version-history":[{"count":0,"href":"https:\/\/serbenidorm.daliisolutions.com\/index.php\/wp-json\/wp\/v2\/posts\/9937\/revisions"}],"wp:featuredmedia":[{"embeddable":true,"href":"https:\/\/serbenidorm.daliisolutions.com\/index.php\/wp-json\/wp\/v2\/media\/9938"}],"wp:attachment":[{"href":"https:\/\/serbenidorm.daliisolutions.com\/index.php\/wp-json\/wp\/v2\/media?parent=9937"}],"wp:term":[{"taxonomy":"category","embeddable":true,"href":"https:\/\/serbenidorm.daliisolutions.com\/index.php\/wp-json\/wp\/v2\/categories?post=9937"},{"taxonomy":"post_tag","embeddable":true,"href":"https:\/\/serbenidorm.daliisolutions.com\/index.php\/wp-json\/wp\/v2\/tags?post=9937"}],"curies":[{"name":"wp","href":"https:\/\/api.w.org\/{rel}","templated":true}]}}