{"id":9939,"date":"2024-10-30T20:04:39","date_gmt":"2024-10-30T19:04:39","guid":{"rendered":"https:\/\/serbenidorm.daliisolutions.com\/index.php\/2024\/10\/30\/reciclar-vidrio-en-benidorm-puede-valer-un-viaje-a-disneyland-paris\/"},"modified":"2024-10-30T20:04:39","modified_gmt":"2024-10-30T19:04:39","slug":"reciclar-vidrio-en-benidorm-puede-valer-un-viaje-a-disneyland-paris","status":"publish","type":"post","link":"https:\/\/serbenidorm.daliisolutions.com\/index.php\/2024\/10\/30\/reciclar-vidrio-en-benidorm-puede-valer-un-viaje-a-disneyland-paris\/","title":{"rendered":"Reciclar vidrio en Benidorm puede valer un viaje a Disneyland Par\u00eds"},"content":{"rendered":"  <p><\/p>   <p>Benidorm<\/p>   <p>Personajes Disney como Rapunzel, Baloo o Simba tendr\u00e1n forma de igl\u00fa de reciclaje de vidrio gracias a la campa\u00f1a iniciada por Ecovidrio a la que se ha sumado el Ayuntamiento de Benidorm.<\/p>   <p>El objetivo de esta campa\u00f1a presente hasta el 2 de diciembre en las calles de la ciudad es concienciar a las familias sobre la importancia de reciclar vidrio y cuidar del medioambiente.<\/p>  <p><p>M\u00e1s informaci\u00f3n<\/p><figure><img loading=\"lazy\" decoding=\"async\" src=\"https:\/\/cadenaser.com\/resizer\/v2\/6R5O3TDH7REXFJVXEUFVTRJBFE.jpeg?auth=ea5c825f0434f2e0fa1290422b11ce96ddf266bf0308089b71b745a58cb63f69&amp;quality=70&amp;width=360&amp;height=202&amp;smart=true\" width=\"820\" height=\"621\" \/><\/figure><ul><li><a href=\"https:\/\/cadenaser.com\/comunitat-valenciana\/2024\/10\/29\/zona-de-bajas-emisiones-en-benidorm-asi-seran-los-permisos-de-acceso-para-hoteles-parkings-o-transporte-discrecional-radio-benidorm\/\"><span>Zona de Bajas Emisiones de Benidorm: as\u00ed ser\u00e1n los permisos de acceso para hoteles, parkings o transporte discrecional<\/span><\/a><\/li><\/ul><\/p>   <p>Ecovidrio, la entidad sin \u00e1nimo de lucro encargada de la gesti\u00f3n del reciclaje de envases de vidrio en Espa\u00f1a, y Disneyland Par\u00eds, ha dise\u00f1ado una campa\u00f1a titulada \u2018Que la magia de reciclar vidrio brille  m\u00e1s que nunca!\u201d que, adem\u00e1s de concienciar de la importancia  del reciclaje, permite ganar premios.<\/p>   <p>As\u00ed es el sorteo<\/p>   <p>Disneyland Paris y Ecovidrio plantean a los participantes la oportunidad de ganar un viaje al parque tem\u00e1tico franc\u00e9s, escaneando el c\u00f3digo QR disponible en los igl\u00fas tematizados y respondiendo a un breve cuestionario en la p\u00e1gina web oficial: <a href=\"http:\/\/www.reciclavidriocondisney.es\/\" rel=\"nofollow\">www.reciclavidriocondisney.es<\/a>.<\/p>   <p>Adem\u00e1s de poder ganar un exclusivo viaje a Disneyland Paris, los participantes tambi\u00e9n entrar\u00e1n en el sorteo de 200 minigl\u00fas tematizados para que el esp\u00edritu de la magia del reciclaje contin\u00fae en casa.<\/p>   <p>     .c-w{         max-width:444px;         width:100%;         margin:32px auto;      background:#00755E;         border-radius:4px;         display:flex;         align-items:center;         justify-content:center;     }     .c-w a{         display:flex;         align-items:center;         justify-content:center;         padding:4px 24px;     }     .c-w img{         width:24px;         margin-right:12px;     }     .c-w p{         font:18px\/25px Poppins;         text-align:center;         color:#fff;         margin:0;     }     @media (max-width:444px){         .c-w a{             padding:4px 12px;         }         .c-w img{             width:24px;             margin-right:8px;         }         .c-w p{             font:14px\/25px Poppins;         }     }     @media (max-width:335px){         .c-w p{             font:13px\/25px Poppins;         }     }  <div class=\"c-w\">     <a href=\"https:\/\/www.whatsapp.com\/channel\/0029Va633PF9WtC4l7XUzh1e\" target=\"_blank\" rel=\"noopener\">         <img decoding=\"async\" src=\"https:\/\/cadenaser.com\/estaticos\/recursosgraficos\/responsive\/img\/ico-whatsapp.svg\" alt=\"Whatsapp\">         <p>\u00danete al <b>canal de WhatsApp<\/b> de la SER<\/p>     <\/a> <\/div><\/p>   <p>El alcalde de Benidorm, Toni P\u00e9rez, ha explicado que \u201cBenidorm es la  primera ciudad en la que se presenta esta nueva edici\u00f3n de la campa\u00f1a que adem\u00e1s prev\u00e9 recompensar a las personas que participen del reciclado de vidrio\u201d.<\/p>   <p>Los tres contenedores inspirados en Rapunzel, Simba y Baloo est\u00e1n ubicados en la rampa de acceso a la Plaza SSMM Reyes de Espa\u00f1a.<\/p> ","protected":false},"excerpt":{"rendered":"<p>Durante todo noviembre<\/p>\n","protected":false},"author":0,"featured_media":9940,"comment_status":"open","ping_status":"open","sticky":false,"template":"","format":"standard","meta":{"_acf_changed":false,"footnotes":""},"categories":[1],"tags":[],"class_list":["post-9939","post","type-post","status-publish","format-standard","has-post-thumbnail","hentry","category-sin-categoria"],"acf":{"ser_id":"SZHB6M2MCFC45EER3M6PHH35U4","ser_url":"https:\/\/cadenaser.com\/comunitat-valenciana\/2024\/10\/30\/reciclar-vidrio-en-benidorm-puede-valer-un-viaje-a-disneyland-paris-radio-benidorm\/"},"_links":{"self":[{"href":"https:\/\/serbenidorm.daliisolutions.com\/index.php\/wp-json\/wp\/v2\/posts\/9939","targetHints":{"allow":["GET"]}}],"collection":[{"href":"https:\/\/serbenidorm.daliisolutions.com\/index.php\/wp-json\/wp\/v2\/posts"}],"about":[{"href":"https:\/\/serbenidorm.daliisolutions.com\/index.php\/wp-json\/wp\/v2\/types\/post"}],"replies":[{"embeddable":true,"href":"https:\/\/serbenidorm.daliisolutions.com\/index.php\/wp-json\/wp\/v2\/comments?post=9939"}],"version-history":[{"count":0,"href":"https:\/\/serbenidorm.daliisolutions.com\/index.php\/wp-json\/wp\/v2\/posts\/9939\/revisions"}],"wp:featuredmedia":[{"embeddable":true,"href":"https:\/\/serbenidorm.daliisolutions.com\/index.php\/wp-json\/wp\/v2\/media\/9940"}],"wp:attachment":[{"href":"https:\/\/serbenidorm.daliisolutions.com\/index.php\/wp-json\/wp\/v2\/media?parent=9939"}],"wp:term":[{"taxonomy":"category","embeddable":true,"href":"https:\/\/serbenidorm.daliisolutions.com\/index.php\/wp-json\/wp\/v2\/categories?post=9939"},{"taxonomy":"post_tag","embeddable":true,"href":"https:\/\/serbenidorm.daliisolutions.com\/index.php\/wp-json\/wp\/v2\/tags?post=9939"}],"curies":[{"name":"wp","href":"https:\/\/api.w.org\/{rel}","templated":true}]}}