{"id":9958,"date":"2024-11-01T07:19:31","date_gmt":"2024-11-01T06:19:31","guid":{"rendered":"https:\/\/serbenidorm.daliisolutions.com\/index.php\/2024\/11\/01\/un-plan-y-una-advertencia-de-benidorm-frente-a-inundaciones-ningun-sitio-esta-preparado-para-lo-de-valencia\/"},"modified":"2024-11-01T07:19:31","modified_gmt":"2024-11-01T06:19:31","slug":"un-plan-y-una-advertencia-de-benidorm-frente-a-inundaciones-ningun-sitio-esta-preparado-para-lo-de-valencia","status":"publish","type":"post","link":"https:\/\/serbenidorm.daliisolutions.com\/index.php\/2024\/11\/01\/un-plan-y-una-advertencia-de-benidorm-frente-a-inundaciones-ningun-sitio-esta-preparado-para-lo-de-valencia\/","title":{"rendered":"Un plan y una advertencia de Benidorm frente a inundaciones: \u00abNing\u00fan sitio est\u00e1 preparado para lo de Valencia\u00bb"},"content":{"rendered":"  <p><\/p>   <p>Benidorm<\/p>   <p>Ning\u00fan sitio est\u00e1 preparado para una circunstancia como la que se ha vivido en la provincia de Valencia esta semana. Esta es la premisa con la que el concejal de Ciclo del Agua de Benidorm, Jos\u00e9 Ram\u00f3n Gonz\u00e1lez de Z\u00e1rate, ha explicado en <a href=\"https:\/\/cadenaser.com\/tag\/benidorm\/a\/\" target=\"_blank\" rel=\"noopener\">Hora 14 Benidorm<\/a> el trabajo que viene desarrollando el ayuntamiento de la capital tur\u00edstica para reaccionar a cat\u00e1strofes naturales.<\/p>   <p>Lo primero, cuenta Gonz\u00e1lez de Z\u00e1rate, es contar con un plan de emergencia: \u00abTe dice c\u00f3mo tienes que cerrar las v\u00edas, qu\u00e9 servicios puedes tener en funcionamiento, cu\u00e1ntos polic\u00edas puede haber en la calle o d\u00f3nde desplazar a la gente con problemas e instalar los generadores para abastecer de energ\u00eda\u00bb, apunta.<\/p>  <p><p>M\u00e1s informaci\u00f3n<\/p><figure><img loading=\"lazy\" decoding=\"async\" src=\"https:\/\/cadenaser.com\/resizer\/v2\/IQBT5BKUAVD7JINVX2ITGXVKBA.jpeg?auth=a92c3f35b4d0c7d330e0559003c9e15939442db045454fb2d924644e10842688&amp;quality=70&amp;width=360&amp;height=202&amp;smart=true\" width=\"820\" height=\"621\" \/><\/figure><ul><li><a href=\"https:\/\/cadenaser.com\/comunitat-valenciana\/2024\/10\/31\/los-policias-locales-de-benidorm-y-la-marina-baixa-trabajan-en-valencia-se-precisa-mucha-mas-ayuda-radio-benidorm\/\"><span>Los polic\u00edas locales de Benidorm y la Marina Baixa trabajan en Valencia: \u00abSe precisa mucha m\u00e1s ayuda\u00bb<\/span><\/a><\/li><\/ul><\/p>   <p>Un plan para terremotos, incendios o inundaciones, aunque el edil insiste en que lo provocado por esta DANA es imprevisible: \u00abUna ciudad est\u00e1 preparada para 150 o 200 litros por metro cuadrado a la hora, ha habido datos de m\u00e1s de 500 litros, no hay lugar preparado para resistir a eso\u00bb, y pone como ejemplo las intervenciones en la avenida Mediterr\u00e1neo, una v\u00eda adaptada para poder absorber entre 180 y 200 litros por metro cuadrado. <\/p>   <p>\u00bfCu\u00e1les son las zonas m\u00e1s inundables de Benidorm?<\/p>   <p>Los barrancos suponen el mayor peligro y son los primeros lugares a evitar en situaciones de gota fr\u00eda o fuertes tormentas. En la zona del Rinc\u00f3n de Loix el<a href=\"https:\/\/cadenaser.com\/tag\/benidorm\/a\/\" target=\"_blank\" rel=\"noopener\"> barranco Barcel\u00f3<\/a> y en otras partes de Levante como la avenida Alfonso Puchades, en concreto la llamada <a href=\"https:\/\/cadenaser.com\/tag\/benidorm\/a\/\" target=\"_blank\" rel=\"noopener\">curva del <i>number one<\/i>, Emilio Ortu\u00f1o y Orts Llorca<\/a>: \u00abHemos hecho muchas obras, pero hay varios cauces desde Els Tolls y el Centro que van a parar ah\u00ed\u00bb.<\/p>   <p>Otra de las partes de la ciudad a tener en cuenta es la <a href=\"https:\/\/cadenaser.com\/tag\/benidorm\/a\/\" target=\"_blank\" rel=\"noopener\">avenida del Murtal<\/a>: \u00abHemos pedido a la Confederaci\u00f3n Hidrogr\u00e1fica del J\u00facar poder trabajar ah\u00ed y cuando hay cualquier alarma ponemos carteles de que no se puede circular ni aparcar coches\u00bb. Otra reivindicaci\u00f3n a la Confederaci\u00f3n, ha se\u00f1alado Gonz\u00e1lez de Z\u00e1rate, es la limpieza de los barrancos y la retirada de ca\u00f1as \u00abque hacen embudo\u00bb. <\/p>   <p>     .c-w{         max-width:444px;         width:100%;         margin:32px auto;      background:#00755E;         border-radius:4px;         display:flex;         align-items:center;         justify-content:center;     }     .c-w a{         display:flex;         align-items:center;         justify-content:center;         padding:4px 24px;     }     .c-w img{         width:24px;         margin-right:12px;     }     .c-w p{         font:18px\/25px Poppins;         text-align:center;         color:#fff;         margin:0;     }     @media (max-width:444px){         .c-w a{             padding:4px 12px;         }         .c-w img{             width:24px;             margin-right:8px;         }         .c-w p{             font:14px\/25px Poppins;         }     }     @media (max-width:335px){         .c-w p{             font:13px\/25px Poppins;         }     }  <div class=\"c-w\">     <a href=\"https:\/\/www.whatsapp.com\/channel\/0029Va633PF9WtC4l7XUzh1e\" target=\"_blank\" rel=\"noopener\">         <img decoding=\"async\" src=\"https:\/\/cadenaser.com\/estaticos\/recursosgraficos\/responsive\/img\/ico-whatsapp.svg\" alt=\"Whatsapp\">         <p>\u00danete al <b>canal de WhatsApp<\/b> de la SER<\/p>     <\/a> <\/div><\/p>   <p>El concejal ha aprovechado para mostrar de nuevo la solidaridad del Ayuntamiento con los afectados por la \u00faltima cat\u00e1strofe y, en lo que respecta a sus \u00e1reas, ha indicado que pone a su disposici\u00f3n todos los recursos de las empresas concesionarias de jardiner\u00eda (Act\u00faa) y ciclo del agua (Hidraqua).<\/p> ","protected":false},"excerpt":{"rendered":"<p>El concejal de Ciclo del Agua explica en qu\u00e9 consisten los planes de emergencias y las \u00faltimas actuaciones en las zonas m\u00e1s peligrosas<\/p>\n","protected":false},"author":0,"featured_media":9959,"comment_status":"open","ping_status":"open","sticky":false,"template":"","format":"standard","meta":{"_acf_changed":false,"footnotes":""},"categories":[1],"tags":[],"class_list":["post-9958","post","type-post","status-publish","format-standard","has-post-thumbnail","hentry","category-sin-categoria"],"acf":{"ser_id":"IB7FEZMWQFD3NKYQD53XMEKBFM","ser_url":"https:\/\/cadenaser.com\/comunitat-valenciana\/2024\/10\/31\/un-plan-y-una-advertencia-de-benidorm-frente-a-inundaciones-ningun-sitio-esta-preparado-para-lo-de-valencia-radio-benidorm\/"},"_links":{"self":[{"href":"https:\/\/serbenidorm.daliisolutions.com\/index.php\/wp-json\/wp\/v2\/posts\/9958","targetHints":{"allow":["GET"]}}],"collection":[{"href":"https:\/\/serbenidorm.daliisolutions.com\/index.php\/wp-json\/wp\/v2\/posts"}],"about":[{"href":"https:\/\/serbenidorm.daliisolutions.com\/index.php\/wp-json\/wp\/v2\/types\/post"}],"replies":[{"embeddable":true,"href":"https:\/\/serbenidorm.daliisolutions.com\/index.php\/wp-json\/wp\/v2\/comments?post=9958"}],"version-history":[{"count":0,"href":"https:\/\/serbenidorm.daliisolutions.com\/index.php\/wp-json\/wp\/v2\/posts\/9958\/revisions"}],"wp:featuredmedia":[{"embeddable":true,"href":"https:\/\/serbenidorm.daliisolutions.com\/index.php\/wp-json\/wp\/v2\/media\/9959"}],"wp:attachment":[{"href":"https:\/\/serbenidorm.daliisolutions.com\/index.php\/wp-json\/wp\/v2\/media?parent=9958"}],"wp:term":[{"taxonomy":"category","embeddable":true,"href":"https:\/\/serbenidorm.daliisolutions.com\/index.php\/wp-json\/wp\/v2\/categories?post=9958"},{"taxonomy":"post_tag","embeddable":true,"href":"https:\/\/serbenidorm.daliisolutions.com\/index.php\/wp-json\/wp\/v2\/tags?post=9958"}],"curies":[{"name":"wp","href":"https:\/\/api.w.org\/{rel}","templated":true}]}}