{"id":9962,"date":"2024-11-01T07:19:33","date_gmt":"2024-11-01T06:19:33","guid":{"rendered":"https:\/\/serbenidorm.daliisolutions.com\/index.php\/2024\/11\/01\/tertulia-voleibol-benidorm-y-finestrat-una-rivalidad-de-buenos-vecinos\/"},"modified":"2024-11-01T07:19:33","modified_gmt":"2024-11-01T06:19:33","slug":"tertulia-voleibol-benidorm-y-finestrat-una-rivalidad-de-buenos-vecinos","status":"publish","type":"post","link":"https:\/\/serbenidorm.daliisolutions.com\/index.php\/2024\/11\/01\/tertulia-voleibol-benidorm-y-finestrat-una-rivalidad-de-buenos-vecinos\/","title":{"rendered":"Tertulia voleibol: Benidorm y Finestrat, una rivalidad de buenos vecinos"},"content":{"rendered":"  <p><\/p>   <p>Benidorm<\/p>   <p>En el deporte las rivalidades pueden y deben ser sanas. As\u00ed, al menos, lo entienden los responsables de los dos mejores equipos de voleibol de la comarca de la Marina Baixa y as\u00ed tambi\u00e9n lo han demostrado en la primera entrega de la tertulia que a partir de ahora y cada quince d\u00edas visitar\u00e1 SER Deportivos.<\/p>   <p>En ella, el coordinador del Club Voleibol Playas de Benidorm, Ram\u00f3n Gonz\u00e1lez; el entrenador del Medsur-Finestrat, Juanvi Llinares y el jugador del Servigroup Benidorm masculino, Juan Contreras, han compartido sus impresiones sobre la marcha de los dos representantes de la Marina Baixa en la Superliga 2 femenina y del l\u00edder de la competici\u00f3n masculina.<\/p>   <p>Todo ello, s\u00f3lo dos d\u00edas antes de que el pabell\u00f3n Ra\u00fal Mesa de Benidorm acoja su tradicional doble sesi\u00f3n competitiva este s\u00e1bado con la, a su vez, doble visita de equipos granadinos y tres d\u00edas antes de que el domingo el Medsur-Finestrat visite la cancha del Sant Joan alicantino.<\/p> ","protected":false},"excerpt":{"rendered":"<p>SER Deportivos Marina Baixa inaugura un nuevo espacio quincenal dedicado a los tres equipos de la comarca en Superliga 2<\/p>\n","protected":false},"author":0,"featured_media":9963,"comment_status":"open","ping_status":"open","sticky":false,"template":"","format":"standard","meta":{"_acf_changed":false,"footnotes":""},"categories":[16],"tags":[],"class_list":["post-9962","post","type-post","status-publish","format-standard","has-post-thumbnail","hentry","category-deportes"],"acf":{"ser_id":"ZLARTMOTENBPVCTSVO76J4QQT4","ser_url":"https:\/\/cadenaser.com\/comunitat-valenciana\/2024\/10\/31\/tertulia-voleibol-benidorm-y-finestrat-una-rivalidad-de-buenos-vecinos-radio-benidorm\/"},"_links":{"self":[{"href":"https:\/\/serbenidorm.daliisolutions.com\/index.php\/wp-json\/wp\/v2\/posts\/9962","targetHints":{"allow":["GET"]}}],"collection":[{"href":"https:\/\/serbenidorm.daliisolutions.com\/index.php\/wp-json\/wp\/v2\/posts"}],"about":[{"href":"https:\/\/serbenidorm.daliisolutions.com\/index.php\/wp-json\/wp\/v2\/types\/post"}],"replies":[{"embeddable":true,"href":"https:\/\/serbenidorm.daliisolutions.com\/index.php\/wp-json\/wp\/v2\/comments?post=9962"}],"version-history":[{"count":0,"href":"https:\/\/serbenidorm.daliisolutions.com\/index.php\/wp-json\/wp\/v2\/posts\/9962\/revisions"}],"wp:featuredmedia":[{"embeddable":true,"href":"https:\/\/serbenidorm.daliisolutions.com\/index.php\/wp-json\/wp\/v2\/media\/9963"}],"wp:attachment":[{"href":"https:\/\/serbenidorm.daliisolutions.com\/index.php\/wp-json\/wp\/v2\/media?parent=9962"}],"wp:term":[{"taxonomy":"category","embeddable":true,"href":"https:\/\/serbenidorm.daliisolutions.com\/index.php\/wp-json\/wp\/v2\/categories?post=9962"},{"taxonomy":"post_tag","embeddable":true,"href":"https:\/\/serbenidorm.daliisolutions.com\/index.php\/wp-json\/wp\/v2\/tags?post=9962"}],"curies":[{"name":"wp","href":"https:\/\/api.w.org\/{rel}","templated":true}]}}